{"id":400,"date":"2021-10-21T18:48:23","date_gmt":"2021-10-21T16:48:23","guid":{"rendered":"http:\/\/www.sp23.com.pl\/?p=400"},"modified":"2021-10-21T18:48:34","modified_gmt":"2021-10-21T16:48:34","slug":"posadzilismy-drzewko","status":"publish","type":"post","link":"https:\/\/sp23.poznan.pl\/?p=400","title":{"rendered":"Posadzili\u015bmy drzewko"},"content":{"rendered":"\n<p>Z okazji Dnia Ziemi oraz w ramach projektu Erasmus+ KIDS uczniowie naszej<br>szko\u0142y zasadzili przed szko\u0142\u0105 drzewo.<br>Wydarzenie to opr\u00f3cz odpowiedzialno\u015bci za \u015brodowisko ma r\u00f3wnie\u017c na celu nauczenie dzieci,<br>\u017ce wcze\u015bniej przemy\u015blane decyzje, procentuj\u0105 w przysz\u0142o\u015bci.<\/p>\n\n\n\n<div class=\"wp-block-image\"><figure class=\"aligncenter size-full\"><img fetchpriority=\"high\" decoding=\"async\" width=\"640\" height=\"480\" src=\"http:\/\/www.sp23.com.pl\/wp-content\/uploads\/2021\/10\/drzewo6.jpg\" alt=\"\" class=\"wp-image-401\" srcset=\"https:\/\/sp23.poznan.pl\/wp-content\/uploads\/2021\/10\/drzewo6.jpg 640w, https:\/\/sp23.poznan.pl\/wp-content\/uploads\/2021\/10\/drzewo6-300x225.jpg 300w\" sizes=\"(max-width: 640px) 100vw, 640px\" \/><\/figure><\/div>\n","protected":false},"excerpt":{"rendered":"<p>Z okazji Dnia Ziemi oraz w ramach projektu Erasmus+ KIDS uczniowie naszejszko\u0142y zasadzili przed szko\u0142\u0105 drzewo.Wydarzenie to opr\u00f3cz odpowiedzialno\u015bci za \u015brodowisko ma r\u00f3wnie\u017c na celu nauczenie dzieci,\u017ce wcze\u015bniej przemy\u015blane decyzje, procentuj\u0105 w przysz\u0142o\u015bci.<\/p>\n","protected":false},"author":1,"featured_media":0,"comment_status":"open","ping_status":"open","sticky":false,"template":"","format":"standard","meta":{"footnotes":""},"categories":[9],"tags":[],"class_list":["post-400","post","type-post","status-publish","format-standard","hentry","category-erasmus-2014-2016"],"_links":{"self":[{"href":"https:\/\/sp23.poznan.pl\/index.php?rest_route=\/wp\/v2\/posts\/400","targetHints":{"allow":["GET"]}}],"collection":[{"href":"https:\/\/sp23.poznan.pl\/index.php?rest_route=\/wp\/v2\/posts"}],"about":[{"href":"https:\/\/sp23.poznan.pl\/index.php?rest_route=\/wp\/v2\/types\/post"}],"author":[{"embeddable":true,"href":"https:\/\/sp23.poznan.pl\/index.php?rest_route=\/wp\/v2\/users\/1"}],"replies":[{"embeddable":true,"href":"https:\/\/sp23.poznan.pl\/index.php?rest_route=%2Fwp%2Fv2%2Fcomments&post=400"}],"version-history":[{"count":1,"href":"https:\/\/sp23.poznan.pl\/index.php?rest_route=\/wp\/v2\/posts\/400\/revisions"}],"predecessor-version":[{"id":402,"href":"https:\/\/sp23.poznan.pl\/index.php?rest_route=\/wp\/v2\/posts\/400\/revisions\/402"}],"wp:attachment":[{"href":"https:\/\/sp23.poznan.pl\/index.php?rest_route=%2Fwp%2Fv2%2Fmedia&parent=400"}],"wp:term":[{"taxonomy":"category","embeddable":true,"href":"https:\/\/sp23.poznan.pl\/index.php?rest_route=%2Fwp%2Fv2%2Fcategories&post=400"},{"taxonomy":"post_tag","embeddable":true,"href":"https:\/\/sp23.poznan.pl\/index.php?rest_route=%2Fwp%2Fv2%2Ftags&post=400"}],"curies":[{"name":"wp","href":"https:\/\/api.w.org\/{rel}","templated":true}]}}