{"id":336,"date":"2021-10-21T18:37:22","date_gmt":"2021-10-21T16:37:22","guid":{"rendered":"http:\/\/www.sp23.com.pl\/?p=336"},"modified":"2022-10-14T20:51:03","modified_gmt":"2022-10-14T18:51:03","slug":"o-programie-erasmus","status":"publish","type":"post","link":"https:\/\/sp23.poznan.pl\/?p=336","title":{"rendered":"O programie Erasmus"},"content":{"rendered":"\n<p><strong>DYREKCJA SZKO\u0141Y PODSTAWOWEJ NR 23 SK\u0141ADA<\/strong>&nbsp;<strong>SERDECZNE PODZI\u0118KOWANIA WSZYSTKIM RODZICOM, UCZNIOM ORAZ PRACOWNIKOM SZKO\u0141Y, KT\u00d3RZY ZAANGA\u017bOWALI SI\u0118 W PODSUMOWANIE PROJEKTU ERASMUS+.<\/strong><\/p>\n\n\n\n<p>&nbsp;&nbsp;&nbsp; 5 maja zako\u0144czy\u0142 si\u0119 w Szkole Podstawowej nr 23 mi\u0119dzynarodowy projekt&nbsp;<strong>\u201eErasmus + Kids\u201d<\/strong>. Program trwaj\u0105cy dwa lata podsumowali\u015bmy uroczysto\u015bci\u0105 \u2013 wieczorem kulturowym. Celem Erasmusa by\u0142a promocja przedsi\u0119biorczo\u015bci w\u015br\u00f3d dzieci i m\u0142odzie\u017cy. W ramach projektu odwiedzili\u015bmy bank, uczyli\u015bmy si\u0119 zasad oszcz\u0119dzania w ka\u017cdej dziedzinie \u017cycia. W\u0142\u0105czyli\u015bmy do prac ca\u0142\u0105 spo\u0142eczno\u015b\u0107 szko\u0142y tak\u017ce rodzic\u00f3w. Wieczorne spotkanie zgromadzi\u0142o naszych partner\u00f3w z Portugalii, Rumunii, Chorwacji i Turcji, zaproszonych go\u015bci wraz z dyrektorem Wydzia\u0142u O\u015bwiaty panem Przemys\u0142awem Foligowskim oraz spo\u0142eczno\u015b\u0107 Je\u017cyc i Szko\u0142y Podstawowej nr 23. Wyst\u0119p ch\u00f3ru \u201eMozaika\u201d pod kierunkiem pani Aldony Ko\u0142odziejczak i przedstawienie teatralne zwi\u0105zane tematycznie z projektem, przygotowane przez dzieci i rodzic\u00f3w pod kierunkiem pani Katarzyny Orzechowskiej&nbsp; by\u0142y ogromnym sukcesem. Go\u015bcie mieli tak\u017ce okazj\u0119 obejrze\u0107 wystawy, spr\u00f3bowa\u0107 potraw i s\u0142odko\u015bci z r\u00f3\u017cnych cz\u0119\u015bci Europy, porozmawia\u0107 w j\u0119zyku angielskim, zachwyci\u0107 si\u0119 dokonaniami poszczeg\u00f3lnych kraj\u00f3w.<\/p>\n\n\n\n<p>Relacja w Galerii Foto<\/p>\n\n\n\n<p><strong>O Programie&nbsp;&nbsp;&nbsp;&nbsp;&nbsp;&nbsp;&nbsp;&nbsp;&nbsp;&nbsp;&nbsp;&nbsp;&nbsp;&nbsp;&nbsp;&nbsp;&nbsp;&nbsp;&nbsp;&nbsp;&nbsp;&nbsp;&nbsp;&nbsp;&nbsp;&nbsp;&nbsp;&nbsp;&nbsp;&nbsp;&nbsp;&nbsp;&nbsp;&nbsp;&nbsp;&nbsp;&nbsp;&nbsp;&nbsp;&nbsp;&nbsp;&nbsp;&nbsp;&nbsp;&nbsp;&nbsp;&nbsp;&nbsp;&nbsp;<\/strong><\/p>\n\n\n\n<p>&nbsp;&nbsp;&nbsp;&nbsp;&nbsp; Program Erasmus+&nbsp; wszed\u0142 w \u017cycie 1 stycznia 2014 r. i zast\u0105pi\u0142 dotychczasowe programy:&nbsp;\u201eUczenie si\u0119 przez ca\u0142e \u017cycie\u201d (oraz jego programy sektorowe \u2013 Erasmus, Leonardo da Vinci, Comenius i Grundtvig), akcj\u0119 Jean Monnet, program \u201eM\u0142odzie\u017c w dzia\u0142aniu\u201d oraz pi\u0119\u0107 innych program\u00f3w (m.in. Erasmus Mundus i Tempus). Realizacja programu zaplanowana jest na siedem lat, czyli do roku 2020.<\/p>\n\n\n\n<p><strong>Za\u0142o\u017cenia<\/strong><\/p>\n\n\n\n<p>&nbsp;&nbsp;&nbsp;&nbsp;&nbsp;&nbsp;Program Erasmus+ oferuje wsparcie finansowe dla instytucji i organizacji dzia\u0142aj\u0105cych w obszarze edukacji i szkole\u0144, m\u0142odzie\u017cy oraz sportu w Europie. Odpowiadaj\u0105c na wyzwania nakre\u015blone przez dokumenty strategiczne europejskiej polityki (przede wszystkim strategi\u0119 Europa 2020), program ma si\u0119 przyczynia\u0107 do rozwijania umiej\u0119tno\u015bci jego uczestnik\u00f3w oraz zwi\u0119kszania ich szans na zatrudnienie, a tak\u017ce modernizacji system\u00f3w edukacji, szkole\u0144 i wspierania m\u0142odzie\u017cy.Najwi\u0119kszy nacisk w nowym programie zosta\u0142 po\u0142o\u017cony na edukacj\u0119 formaln\u0105 i pozaformaln\u0105 s\u0142u\u017c\u0105c\u0105 rozwijaniu umiej\u0119tno\u015bci uczni\u00f3w, nauczycieli&nbsp;&nbsp; i pracownik\u00f3w oraz poprawy ich sytuacji na rynku pracy.<\/p>\n\n\n\n<p><strong>Uczymy si\u0119 przedsi\u0119biorczo\u015bci<\/strong><\/p>\n\n\n\n<p>&nbsp;&nbsp;&nbsp;&nbsp;&nbsp; Spo\u015br\u00f3d ponad tysi\u0105ca wniosk\u00f3w i projekt\u00f3w, kt\u00f3re wp\u0142yn\u0119\u0142y do Agencji Narodowej doceniony&nbsp; i&nbsp;<strong><em>wyr\u00f3\u017cniony zosta\u0142 projekt, w kt\u00f3rym bierze udzia\u0142 nasza szko\u0142a<\/em><\/strong>! Projekt zatytu\u0142owany jest: \u201eOszcz\u0119dzaj, inwestuj, wspomagaj, wydawaj\u201d, b\u0119dzie trwa\u0142 dwa lata. Naszymi partnerami s\u0105 szko\u0142y w&nbsp;&nbsp; Turcji, Rumunii, Portugalii i Chorwacji.<\/p>\n\n\n\n<p>Projekt ma na celu uczenie uczestnik\u00f3w przedsi\u0119biorczo\u015bci, zarz\u0105dzania finansami, poszerzenie wiedzy na temat pieni\u0119dzy. B\u0119dziemy wykonywa\u0107 skarbonki&nbsp;&nbsp; z materia\u0142\u00f3w wt\u00f3rnych, odwiedzimy sklepy i banki, aby zobaczy\u0107 w jaki spos\u00f3b s\u0105 zarz\u0105dzane oraz jaka jest polityka finansowa przedsi\u0119biorc\u00f3w. B\u0119dziemy zak\u0142ada\u0107 konta w wirtualnym banku, zagramy w internetowe gry, kt\u00f3re ucz\u0105, w jaki spos\u00f3b oszcz\u0119dza\u0107 i wydawa\u0107 pieni\u0105dze.<\/p>\n\n\n\n<p>&nbsp;&nbsp;&nbsp;&nbsp;&nbsp;&nbsp;&nbsp;&nbsp;Zorganizujemy szkolny kiermasz, na kt\u00f3rym b\u0119dziemy sprzedawa\u0107 w\u0142asnor\u0119cznie zrobione przedmioty. Wykonamy konkursowe plakaty, prace z logo&nbsp;&nbsp;&nbsp;&nbsp;&nbsp;&nbsp;&nbsp;&nbsp; i maskotk\u0105 projektu. Wszystkie te dzia\u0142ania i ich efekty por\u00f3wnamy z uczniami&nbsp; z kraj\u00f3w partnerskich,&nbsp; a o tym, co si\u0119 u nas b\u0119dzie dzia\u0142o, podzielimy si\u0119 na wsp\u00f3lnej stronie internetowej&nbsp; i grupie na Facebooku.&nbsp;&nbsp;&nbsp;<\/p>\n\n\n\n<p><em>&nbsp;&nbsp;&nbsp;&nbsp;&nbsp;&nbsp;&nbsp;&nbsp;&nbsp;&nbsp;&nbsp;&nbsp;&nbsp;&nbsp;&nbsp;&nbsp;&nbsp;&nbsp;&nbsp;&nbsp;&nbsp;&nbsp;&nbsp;&nbsp;&nbsp;&nbsp;&nbsp;&nbsp;&nbsp;&nbsp;&nbsp;&nbsp;&nbsp;&nbsp;&nbsp;&nbsp;&nbsp;&nbsp;&nbsp;&nbsp;&nbsp;&nbsp;&nbsp;&nbsp;&nbsp;&nbsp;&nbsp;&nbsp;&nbsp;&nbsp;&nbsp;&nbsp;&nbsp;&nbsp;&nbsp;&nbsp;&nbsp;&nbsp;&nbsp;&nbsp;&nbsp;&nbsp;&nbsp;&nbsp;&nbsp;&nbsp;&nbsp;&nbsp;&nbsp;&nbsp;&nbsp;&nbsp;&nbsp;&nbsp;&nbsp;&nbsp;&nbsp;&nbsp;&nbsp;&nbsp;&nbsp;&nbsp;&nbsp;&nbsp;&nbsp;&nbsp;&nbsp;&nbsp;&nbsp;&nbsp;&nbsp;&nbsp;&nbsp;&nbsp;&nbsp;&nbsp;&nbsp;&nbsp;&nbsp;&nbsp;&nbsp;&nbsp;&nbsp;&nbsp;&nbsp;&nbsp;&nbsp;&nbsp;&nbsp;&nbsp;&nbsp;&nbsp;&nbsp;&nbsp;&nbsp;&nbsp;&nbsp;&nbsp;&nbsp;&nbsp;&nbsp;&nbsp;&nbsp;&nbsp;&nbsp;&nbsp;&nbsp;&nbsp;&nbsp;&nbsp;&nbsp;&nbsp;&nbsp;&nbsp;&nbsp;&nbsp;&nbsp;&nbsp; Opiekun projektu: mgr Magdalena Felska<\/em><\/p>\n","protected":false},"excerpt":{"rendered":"<p>DYREKCJA SZKO\u0141Y PODSTAWOWEJ NR 23 SK\u0141ADA&nbsp;SERDECZNE PODZI\u0118KOWANIA WSZYSTKIM RODZICOM, UCZNIOM ORAZ PRACOWNIKOM SZKO\u0141Y, KT\u00d3RZY ZAANGA\u017bOWALI SI\u0118 W PODSUMOWANIE PROJEKTU ERASMUS+. &nbsp;&nbsp;&nbsp; 5 maja zako\u0144czy\u0142 si\u0119 w Szkole Podstawowej nr 23 mi\u0119dzynarodowy projekt&nbsp;\u201eErasmus + Kids\u201d. Program trwaj\u0105cy dwa lata podsumowali\u015bmy uroczysto\u015bci\u0105 \u2013 wieczorem kulturowym. Celem Erasmusa by\u0142a promocja przedsi\u0119biorczo\u015bci w\u015br\u00f3d dzieci i m\u0142odzie\u017cy. W ramach projektu [&hellip;]<\/p>\n","protected":false},"author":1,"featured_media":0,"comment_status":"open","ping_status":"open","sticky":false,"template":"","format":"standard","meta":{"footnotes":""},"categories":[9],"tags":[],"class_list":["post-336","post","type-post","status-publish","format-standard","hentry","category-erasmus-2014-2016"],"_links":{"self":[{"href":"https:\/\/sp23.poznan.pl\/index.php?rest_route=\/wp\/v2\/posts\/336","targetHints":{"allow":["GET"]}}],"collection":[{"href":"https:\/\/sp23.poznan.pl\/index.php?rest_route=\/wp\/v2\/posts"}],"about":[{"href":"https:\/\/sp23.poznan.pl\/index.php?rest_route=\/wp\/v2\/types\/post"}],"author":[{"embeddable":true,"href":"https:\/\/sp23.poznan.pl\/index.php?rest_route=\/wp\/v2\/users\/1"}],"replies":[{"embeddable":true,"href":"https:\/\/sp23.poznan.pl\/index.php?rest_route=%2Fwp%2Fv2%2Fcomments&post=336"}],"version-history":[{"count":1,"href":"https:\/\/sp23.poznan.pl\/index.php?rest_route=\/wp\/v2\/posts\/336\/revisions"}],"predecessor-version":[{"id":337,"href":"https:\/\/sp23.poznan.pl\/index.php?rest_route=\/wp\/v2\/posts\/336\/revisions\/337"}],"wp:attachment":[{"href":"https:\/\/sp23.poznan.pl\/index.php?rest_route=%2Fwp%2Fv2%2Fmedia&parent=336"}],"wp:term":[{"taxonomy":"category","embeddable":true,"href":"https:\/\/sp23.poznan.pl\/index.php?rest_route=%2Fwp%2Fv2%2Fcategories&post=336"},{"taxonomy":"post_tag","embeddable":true,"href":"https:\/\/sp23.poznan.pl\/index.php?rest_route=%2Fwp%2Fv2%2Ftags&post=336"}],"curies":[{"name":"wp","href":"https:\/\/api.w.org\/{rel}","templated":true}]}}