{"id":290,"date":"2021-10-21T09:14:10","date_gmt":"2021-10-21T07:14:10","guid":{"rendered":"http:\/\/www.sp23.com.pl\/?p=290"},"modified":"2022-06-17T12:01:36","modified_gmt":"2022-06-17T10:01:36","slug":"o-projekcie-3","status":"publish","type":"post","link":"https:\/\/sp23.poznan.pl\/?p=290","title":{"rendered":"O projekcie"},"content":{"rendered":"\n<div class=\"wp-block-image\"><figure class=\"aligncenter size-full\"><img fetchpriority=\"high\" decoding=\"async\" width=\"954\" height=\"178\" src=\"http:\/\/www.sp23.com.pl\/wp-content\/uploads\/2022\/06\/Projekt.jpg\" alt=\"\" class=\"wp-image-669\" srcset=\"https:\/\/sp23.poznan.pl\/wp-content\/uploads\/2022\/06\/Projekt.jpg 954w, https:\/\/sp23.poznan.pl\/wp-content\/uploads\/2022\/06\/Projekt-300x56.jpg 300w, https:\/\/sp23.poznan.pl\/wp-content\/uploads\/2022\/06\/Projekt-768x143.jpg 768w\" sizes=\"(max-width: 954px) 100vw, 954px\" \/><\/figure><\/div>\n\n\n\n<p>W roku szkolnym 2020\/2021 dzi\u0119ki \u015brodkom pozyskanym z Europejskiego Funduszu Spo\u0142ecznego Unii Europejskiej, rozpoczynamy realizacj\u0119 projektu&nbsp;<strong>&#8222;Przygoda z matematyk\u0105 i informatyk\u0105! Wzrost kompetencji kluczowych w\u015br\u00f3d uczni\u00f3w szk\u00f3\u0142 podstawowych szans\u0105 na lepsz\u0105 przysz\u0142o\u015b\u0107!&#8221;.<\/strong><strong><br><br><\/strong>Od pa\u017adziernika 2020 b\u0119d\u0105 dost\u0119pne dla dzieci z klas IV-VIII dwie pracownie wyposa\u017cone w najwy\u017cszej klasy sprz\u0119t oraz pomoce dydaktyczne: matematyczna i informatyczna. Uczniowie korzysta\u0107 b\u0119d\u0105 z nich w trakcie zaj\u0119\u0107 dodatkowych z matematyki i informatyki wykraczaj\u0105cych poza podstaw\u0119 programow\u0105 oraz zaj\u0119\u0107 wyr\u00f3wnawczych.<br><br>W ramach przedmiotowego projektu dla najzdolniejszych uczni\u00f3w zrealizowane zostan\u0105 r\u00f3wnie\u017c wyk\u0142ady prowadzone przez pracownik\u00f3w UAM pod nazw\u0105 &#8222;I Ty mo\u017cesz zosta\u0107 Stevem Jobsem&#8221; (co najmniej raz na semestr).<\/p>\n\n\n\n<p>Projekt zak\u0142ada tak\u017ce podwy\u017cszenie kwalifikacji nauczycieli naszej szko\u0142y, poprzez ich udzia\u0142 w szkoleniach i studiach podyplomowych.<br><br>Wszystkie dodatkowe zaj\u0119cia rozpoczn\u0105 si\u0119 od 01.10.2020 roku, a realizacja projektu potrwa do 31.01.2023 roku.<\/p>\n\n\n\n<p>Ca\u0142kowita warto\u015b\u0107 projektu <strong>746 293, 75 z\u0142<\/strong> <\/p>\n\n\n\n<p>kwota dofinansowania <strong>708 979,06 z\u0142 <\/strong>w tym \u015brodki wsp\u00f3lnotowe <strong>634 349,68 z\u0142<\/strong><\/p>\n","protected":false},"excerpt":{"rendered":"<p>W roku szkolnym 2020\/2021 dzi\u0119ki \u015brodkom pozyskanym z Europejskiego Funduszu Spo\u0142ecznego Unii Europejskiej, rozpoczynamy realizacj\u0119 projektu&nbsp;&#8222;Przygoda z matematyk\u0105 i informatyk\u0105! Wzrost kompetencji kluczowych w\u015br\u00f3d uczni\u00f3w szk\u00f3\u0142 podstawowych szans\u0105 na lepsz\u0105 przysz\u0142o\u015b\u0107!&#8221;. Od pa\u017adziernika 2020 b\u0119d\u0105 dost\u0119pne dla dzieci z klas IV-VIII dwie pracownie wyposa\u017cone w najwy\u017cszej klasy sprz\u0119t oraz pomoce dydaktyczne: matematyczna i informatyczna. Uczniowie [&hellip;]<\/p>\n","protected":false},"author":1,"featured_media":0,"comment_status":"open","ping_status":"open","sticky":false,"template":"","format":"standard","meta":{"footnotes":""},"categories":[8],"tags":[],"class_list":["post-290","post","type-post","status-publish","format-standard","hentry","category-przygoda-z-matematyka-i-informatyka"],"_links":{"self":[{"href":"https:\/\/sp23.poznan.pl\/index.php?rest_route=\/wp\/v2\/posts\/290","targetHints":{"allow":["GET"]}}],"collection":[{"href":"https:\/\/sp23.poznan.pl\/index.php?rest_route=\/wp\/v2\/posts"}],"about":[{"href":"https:\/\/sp23.poznan.pl\/index.php?rest_route=\/wp\/v2\/types\/post"}],"author":[{"embeddable":true,"href":"https:\/\/sp23.poznan.pl\/index.php?rest_route=\/wp\/v2\/users\/1"}],"replies":[{"embeddable":true,"href":"https:\/\/sp23.poznan.pl\/index.php?rest_route=%2Fwp%2Fv2%2Fcomments&post=290"}],"version-history":[{"count":2,"href":"https:\/\/sp23.poznan.pl\/index.php?rest_route=\/wp\/v2\/posts\/290\/revisions"}],"predecessor-version":[{"id":670,"href":"https:\/\/sp23.poznan.pl\/index.php?rest_route=\/wp\/v2\/posts\/290\/revisions\/670"}],"wp:attachment":[{"href":"https:\/\/sp23.poznan.pl\/index.php?rest_route=%2Fwp%2Fv2%2Fmedia&parent=290"}],"wp:term":[{"taxonomy":"category","embeddable":true,"href":"https:\/\/sp23.poznan.pl\/index.php?rest_route=%2Fwp%2Fv2%2Fcategories&post=290"},{"taxonomy":"post_tag","embeddable":true,"href":"https:\/\/sp23.poznan.pl\/index.php?rest_route=%2Fwp%2Fv2%2Ftags&post=290"}],"curies":[{"name":"wp","href":"https:\/\/api.w.org\/{rel}","templated":true}]}}