{"id":283,"date":"2021-10-21T09:11:30","date_gmt":"2021-10-21T07:11:30","guid":{"rendered":"http:\/\/www.sp23.com.pl\/?p=283"},"modified":"2021-10-21T09:11:30","modified_gmt":"2021-10-21T07:11:30","slug":"obserwujemy-wzrost-roslin","status":"publish","type":"post","link":"https:\/\/sp23.poznan.pl\/?p=283","title":{"rendered":"Obserwujemy wzrost ro\u015blin"},"content":{"rendered":"\n<p>W ramach kolejnego zadania projektu Erasmus+ Save your environment, save your future sadzili\u015bmy fasolk\u0119 i obserwowali\u015bmy jej wzrost. Dzieci w krajach partnerskich wybra\u0142y inne ro\u015bliny, mo\u017cna je zobaczy\u0107 na naszej stronie internetowej:&nbsp;<a href=\"http:\/\/www.saveyourfuture.eu\/\">www.saveyourfuture.eu<\/a><\/p>\n\n\n\n<p>Zobacz galeri\u0119 obrazk\u00f3w z wiadomo\u015bci-&nbsp;<a href=\"http:\/\/zdjecia.interia.pl\/galeria,gcsi,E140120C72D825902B8C7DD72619F739848035F3\" target=\"_blank\" rel=\"noreferrer noopener\">kliknij link<\/a><\/p>\n\n\n\n<p><em>Pozdrawiam serdecznie,<\/em><br><em>Magdalena Felska<\/em><\/p>\n","protected":false},"excerpt":{"rendered":"<p>W ramach kolejnego zadania projektu Erasmus+ Save your environment, save your future sadzili\u015bmy fasolk\u0119 i obserwowali\u015bmy jej wzrost. Dzieci w krajach partnerskich wybra\u0142y inne ro\u015bliny, mo\u017cna je zobaczy\u0107 na naszej stronie internetowej:&nbsp;www.saveyourfuture.eu Zobacz galeri\u0119 obrazk\u00f3w z wiadomo\u015bci-&nbsp;kliknij link Pozdrawiam serdecznie,Magdalena Felska<\/p>\n","protected":false},"author":1,"featured_media":0,"comment_status":"open","ping_status":"open","sticky":false,"template":"","format":"standard","meta":{"footnotes":""},"categories":[10],"tags":[],"class_list":["post-283","post","type-post","status-publish","format-standard","hentry","category-erasmus"],"_links":{"self":[{"href":"https:\/\/sp23.poznan.pl\/index.php?rest_route=\/wp\/v2\/posts\/283","targetHints":{"allow":["GET"]}}],"collection":[{"href":"https:\/\/sp23.poznan.pl\/index.php?rest_route=\/wp\/v2\/posts"}],"about":[{"href":"https:\/\/sp23.poznan.pl\/index.php?rest_route=\/wp\/v2\/types\/post"}],"author":[{"embeddable":true,"href":"https:\/\/sp23.poznan.pl\/index.php?rest_route=\/wp\/v2\/users\/1"}],"replies":[{"embeddable":true,"href":"https:\/\/sp23.poznan.pl\/index.php?rest_route=%2Fwp%2Fv2%2Fcomments&post=283"}],"version-history":[{"count":1,"href":"https:\/\/sp23.poznan.pl\/index.php?rest_route=\/wp\/v2\/posts\/283\/revisions"}],"predecessor-version":[{"id":284,"href":"https:\/\/sp23.poznan.pl\/index.php?rest_route=\/wp\/v2\/posts\/283\/revisions\/284"}],"wp:attachment":[{"href":"https:\/\/sp23.poznan.pl\/index.php?rest_route=%2Fwp%2Fv2%2Fmedia&parent=283"}],"wp:term":[{"taxonomy":"category","embeddable":true,"href":"https:\/\/sp23.poznan.pl\/index.php?rest_route=%2Fwp%2Fv2%2Fcategories&post=283"},{"taxonomy":"post_tag","embeddable":true,"href":"https:\/\/sp23.poznan.pl\/index.php?rest_route=%2Fwp%2Fv2%2Ftags&post=283"}],"curies":[{"name":"wp","href":"https:\/\/api.w.org\/{rel}","templated":true}]}}