{"id":279,"date":"2021-10-21T09:10:45","date_gmt":"2021-10-21T07:10:45","guid":{"rendered":"http:\/\/www.sp23.com.pl\/?p=279"},"modified":"2021-10-21T09:10:45","modified_gmt":"2021-10-21T07:10:45","slug":"obserwacje-pogody","status":"publish","type":"post","link":"https:\/\/sp23.poznan.pl\/?p=279","title":{"rendered":"Obserwacje pogody"},"content":{"rendered":"\n<p>Na pocz\u0105tku lutego przez ca\u0142y tydzie\u0144 uczniowie wszystkich partnerskich szk\u00f3\u0142 uwa\u017cnie notowali, jaka pogoda by\u0142a w ich mie\u015bcie. Nast\u0119pnie uczniowie wymienili si\u0119 swoimi obserwacjami oraz om\u00f3wili na lekcjach, jakie s\u0105 przyczyny r\u00f3\u017cnicy temperatury i pogody mi\u0119dzy krajami partnerskimi. By\u0142a to bardzo ciekawa lekcja geografii oraz przyrody.<\/p>\n\n\n\n<p>Zobacz galeri\u0119 obrazk\u00f3w z wiadomo\u015bci-&nbsp;<a href=\"http:\/\/zdjecia.interia.pl\/galeria,gcsi,93AE35DDE64C02388E5124E043CA0F9C0788B1CB\" target=\"_blank\" rel=\"noreferrer noopener\">kliknij link<\/a><\/p>\n\n\n\n<p><em>Hope, you&#8217;re well,<\/em><br><em>Magdalena Felska<\/em><\/p>\n","protected":false},"excerpt":{"rendered":"<p>Na pocz\u0105tku lutego przez ca\u0142y tydzie\u0144 uczniowie wszystkich partnerskich szk\u00f3\u0142 uwa\u017cnie notowali, jaka pogoda by\u0142a w ich mie\u015bcie. Nast\u0119pnie uczniowie wymienili si\u0119 swoimi obserwacjami oraz om\u00f3wili na lekcjach, jakie s\u0105 przyczyny r\u00f3\u017cnicy temperatury i pogody mi\u0119dzy krajami partnerskimi. By\u0142a to bardzo ciekawa lekcja geografii oraz przyrody. Zobacz galeri\u0119 obrazk\u00f3w z wiadomo\u015bci-&nbsp;kliknij link Hope, you&#8217;re well,Magdalena [&hellip;]<\/p>\n","protected":false},"author":1,"featured_media":0,"comment_status":"open","ping_status":"open","sticky":false,"template":"","format":"standard","meta":{"footnotes":""},"categories":[10],"tags":[],"class_list":["post-279","post","type-post","status-publish","format-standard","hentry","category-erasmus"],"_links":{"self":[{"href":"https:\/\/sp23.poznan.pl\/index.php?rest_route=\/wp\/v2\/posts\/279","targetHints":{"allow":["GET"]}}],"collection":[{"href":"https:\/\/sp23.poznan.pl\/index.php?rest_route=\/wp\/v2\/posts"}],"about":[{"href":"https:\/\/sp23.poznan.pl\/index.php?rest_route=\/wp\/v2\/types\/post"}],"author":[{"embeddable":true,"href":"https:\/\/sp23.poznan.pl\/index.php?rest_route=\/wp\/v2\/users\/1"}],"replies":[{"embeddable":true,"href":"https:\/\/sp23.poznan.pl\/index.php?rest_route=%2Fwp%2Fv2%2Fcomments&post=279"}],"version-history":[{"count":1,"href":"https:\/\/sp23.poznan.pl\/index.php?rest_route=\/wp\/v2\/posts\/279\/revisions"}],"predecessor-version":[{"id":280,"href":"https:\/\/sp23.poznan.pl\/index.php?rest_route=\/wp\/v2\/posts\/279\/revisions\/280"}],"wp:attachment":[{"href":"https:\/\/sp23.poznan.pl\/index.php?rest_route=%2Fwp%2Fv2%2Fmedia&parent=279"}],"wp:term":[{"taxonomy":"category","embeddable":true,"href":"https:\/\/sp23.poznan.pl\/index.php?rest_route=%2Fwp%2Fv2%2Fcategories&post=279"},{"taxonomy":"post_tag","embeddable":true,"href":"https:\/\/sp23.poznan.pl\/index.php?rest_route=%2Fwp%2Fv2%2Ftags&post=279"}],"curies":[{"name":"wp","href":"https:\/\/api.w.org\/{rel}","templated":true}]}}