{"id":274,"date":"2021-10-21T09:10:19","date_gmt":"2021-10-21T07:10:19","guid":{"rendered":"http:\/\/www.sp23.com.pl\/?p=274"},"modified":"2021-10-21T09:10:19","modified_gmt":"2021-10-21T07:10:19","slug":"erasmus-cd","status":"publish","type":"post","link":"https:\/\/sp23.poznan.pl\/?p=274","title":{"rendered":"Erasmus+ cd."},"content":{"rendered":"\n<p>Serdecznie zapraszamy do odwiedzenia strony internetowej naszego projektu:<br><a href=\"https:\/\/www.saveyourfuture.eu\/\" target=\"_blank\" rel=\"noreferrer noopener\">https:\/\/www.saveyourfuture.eu\/<\/a><\/p>\n\n\n\n<p>W grudniu odby\u0142o si\u0119 kolejne spotkanie online partner\u00f3w naszego projektu Erasmus+, na kt\u00f3rym om\u00f3wiono i zaplanowano najbli\u017csze dzia\u0142ania.<\/p>\n\n\n\n<div class=\"wp-block-image\"><figure class=\"aligncenter size-full is-resized\"><img fetchpriority=\"high\" decoding=\"async\" src=\"http:\/\/www.sp23.com.pl\/wp-content\/uploads\/2021\/10\/spotkanie21.jpg\" alt=\"\" class=\"wp-image-275\" width=\"528\" height=\"399\" srcset=\"https:\/\/sp23.poznan.pl\/wp-content\/uploads\/2021\/10\/spotkanie21.jpg 658w, https:\/\/sp23.poznan.pl\/wp-content\/uploads\/2021\/10\/spotkanie21-300x227.jpg 300w\" sizes=\"(max-width: 528px) 100vw, 528px\" \/><\/figure><\/div>\n\n\n\n<p>W \u015brod\u0119 27 stycznia uczniowie klasy 1a brali udzia\u0142 w mi\u0119dzynarodowym spotkaniu Erasmus+, na kt\u00f3rym wsp\u00f3lnie z uczniami ze szk\u00f3\u0142 z: Litwy, Rumunii, Hiszpanii oraz Turcji rozwi\u0105zywali konkurs wiedzy na temat kraj\u00f3w partnerskich. Emocji by\u0142o wiele.<\/p>\n\n\n\n<figure class=\"wp-block-gallery columns-2 is-cropped wp-block-gallery-1 is-layout-flex wp-block-gallery-is-layout-flex\"><ul class=\"blocks-gallery-grid\"><li class=\"blocks-gallery-item\"><figure><a href=\"http:\/\/www.sp23.com.pl\/wp-content\/uploads\/2021\/10\/erasmu21.jpg\"><img decoding=\"async\" width=\"800\" height=\"600\" src=\"http:\/\/www.sp23.com.pl\/wp-content\/uploads\/2021\/10\/erasmu21.jpg\" alt=\"\" data-id=\"276\" data-full-url=\"http:\/\/www.sp23.com.pl\/wp-content\/uploads\/2021\/10\/erasmu21.jpg\" data-link=\"http:\/\/www.sp23.com.pl\/?attachment_id=276\" class=\"wp-image-276\" srcset=\"https:\/\/sp23.poznan.pl\/wp-content\/uploads\/2021\/10\/erasmu21.jpg 800w, https:\/\/sp23.poznan.pl\/wp-content\/uploads\/2021\/10\/erasmu21-300x225.jpg 300w, https:\/\/sp23.poznan.pl\/wp-content\/uploads\/2021\/10\/erasmu21-768x576.jpg 768w\" sizes=\"(max-width: 800px) 100vw, 800px\" \/><\/a><\/figure><\/li><li class=\"blocks-gallery-item\"><figure><a href=\"http:\/\/www.sp23.com.pl\/wp-content\/uploads\/2021\/10\/erasmus21d.jpg\"><img decoding=\"async\" width=\"800\" height=\"600\" src=\"http:\/\/www.sp23.com.pl\/wp-content\/uploads\/2021\/10\/erasmus21d.jpg\" alt=\"\" data-id=\"277\" data-full-url=\"http:\/\/www.sp23.com.pl\/wp-content\/uploads\/2021\/10\/erasmus21d.jpg\" data-link=\"http:\/\/www.sp23.com.pl\/?attachment_id=277\" class=\"wp-image-277\" srcset=\"https:\/\/sp23.poznan.pl\/wp-content\/uploads\/2021\/10\/erasmus21d.jpg 800w, https:\/\/sp23.poznan.pl\/wp-content\/uploads\/2021\/10\/erasmus21d-300x225.jpg 300w, https:\/\/sp23.poznan.pl\/wp-content\/uploads\/2021\/10\/erasmus21d-768x576.jpg 768w\" sizes=\"(max-width: 800px) 100vw, 800px\" \/><\/a><\/figure><\/li><\/ul><\/figure>\n","protected":false},"excerpt":{"rendered":"<p>Serdecznie zapraszamy do odwiedzenia strony internetowej naszego projektu:https:\/\/www.saveyourfuture.eu\/ W grudniu odby\u0142o si\u0119 kolejne spotkanie online partner\u00f3w naszego projektu Erasmus+, na kt\u00f3rym om\u00f3wiono i zaplanowano najbli\u017csze dzia\u0142ania. W \u015brod\u0119 27 stycznia uczniowie klasy 1a brali udzia\u0142 w mi\u0119dzynarodowym spotkaniu Erasmus+, na kt\u00f3rym wsp\u00f3lnie z uczniami ze szk\u00f3\u0142 z: Litwy, Rumunii, Hiszpanii oraz Turcji rozwi\u0105zywali konkurs wiedzy [&hellip;]<\/p>\n","protected":false},"author":1,"featured_media":0,"comment_status":"open","ping_status":"open","sticky":false,"template":"","format":"standard","meta":{"footnotes":""},"categories":[10],"tags":[],"class_list":["post-274","post","type-post","status-publish","format-standard","hentry","category-erasmus"],"_links":{"self":[{"href":"https:\/\/sp23.poznan.pl\/index.php?rest_route=\/wp\/v2\/posts\/274","targetHints":{"allow":["GET"]}}],"collection":[{"href":"https:\/\/sp23.poznan.pl\/index.php?rest_route=\/wp\/v2\/posts"}],"about":[{"href":"https:\/\/sp23.poznan.pl\/index.php?rest_route=\/wp\/v2\/types\/post"}],"author":[{"embeddable":true,"href":"https:\/\/sp23.poznan.pl\/index.php?rest_route=\/wp\/v2\/users\/1"}],"replies":[{"embeddable":true,"href":"https:\/\/sp23.poznan.pl\/index.php?rest_route=%2Fwp%2Fv2%2Fcomments&post=274"}],"version-history":[{"count":1,"href":"https:\/\/sp23.poznan.pl\/index.php?rest_route=\/wp\/v2\/posts\/274\/revisions"}],"predecessor-version":[{"id":278,"href":"https:\/\/sp23.poznan.pl\/index.php?rest_route=\/wp\/v2\/posts\/274\/revisions\/278"}],"wp:attachment":[{"href":"https:\/\/sp23.poznan.pl\/index.php?rest_route=%2Fwp%2Fv2%2Fmedia&parent=274"}],"wp:term":[{"taxonomy":"category","embeddable":true,"href":"https:\/\/sp23.poznan.pl\/index.php?rest_route=%2Fwp%2Fv2%2Fcategories&post=274"},{"taxonomy":"post_tag","embeddable":true,"href":"https:\/\/sp23.poznan.pl\/index.php?rest_route=%2Fwp%2Fv2%2Ftags&post=274"}],"curies":[{"name":"wp","href":"https:\/\/api.w.org\/{rel}","templated":true}]}}