{"id":243,"date":"2021-10-21T08:59:28","date_gmt":"2021-10-21T06:59:28","guid":{"rendered":"http:\/\/www.sp23.com.pl\/?p=243"},"modified":"2021-10-21T08:59:28","modified_gmt":"2021-10-21T06:59:28","slug":"debata","status":"publish","type":"post","link":"https:\/\/sp23.poznan.pl\/?p=243","title":{"rendered":"Debata"},"content":{"rendered":"\n<p>W ramach projektu Urbact uczniowie klasy 8a razem z Pani\u0105 Katarzyn\u0105 Marciniak odwiedzili Centrum Wyk\u0142adowe Politechniki Pozna\u0144skiej. Dzi\u0119ki zaj\u0119ciom uczniowie poszerzyli wiedz\u0119 na temat autoprezentacji oraz poznali zasady tworzenia prezentacji multimedialnych. Druga cz\u0119\u015b\u0107 zaj\u0119\u0107 po\u015bwi\u0119cona zosta\u0142a debacie oksfordzkiej. Opr\u00f3cz cz\u0119\u015bci merytorycznej odby\u0142a si\u0119 r\u00f3wnie\u017c cz\u0119\u015b\u0107 praktyczna, a wi\u0119c debatowanie.<\/p>\n\n\n\n<figure class=\"wp-block-gallery columns-2 is-cropped wp-block-gallery-1 is-layout-flex wp-block-gallery-is-layout-flex\"><ul class=\"blocks-gallery-grid\"><li class=\"blocks-gallery-item\"><figure><a href=\"http:\/\/www.sp23.com.pl\/wp-content\/uploads\/2021\/10\/debata1.jpg\"><img fetchpriority=\"high\" decoding=\"async\" width=\"692\" height=\"519\" src=\"http:\/\/www.sp23.com.pl\/wp-content\/uploads\/2021\/10\/debata1.jpg\" alt=\"\" data-id=\"244\" data-full-url=\"http:\/\/www.sp23.com.pl\/wp-content\/uploads\/2021\/10\/debata1.jpg\" data-link=\"http:\/\/www.sp23.com.pl\/?attachment_id=244\" class=\"wp-image-244\" srcset=\"https:\/\/sp23.poznan.pl\/wp-content\/uploads\/2021\/10\/debata1.jpg 692w, https:\/\/sp23.poznan.pl\/wp-content\/uploads\/2021\/10\/debata1-300x225.jpg 300w\" sizes=\"(max-width: 692px) 100vw, 692px\" \/><\/a><\/figure><\/li><li class=\"blocks-gallery-item\"><figure><a href=\"http:\/\/www.sp23.com.pl\/wp-content\/uploads\/2021\/10\/debata2.jpg\"><img decoding=\"async\" width=\"720\" height=\"540\" src=\"http:\/\/www.sp23.com.pl\/wp-content\/uploads\/2021\/10\/debata2.jpg\" alt=\"\" data-id=\"245\" data-full-url=\"http:\/\/www.sp23.com.pl\/wp-content\/uploads\/2021\/10\/debata2.jpg\" data-link=\"http:\/\/www.sp23.com.pl\/?attachment_id=245\" class=\"wp-image-245\" srcset=\"https:\/\/sp23.poznan.pl\/wp-content\/uploads\/2021\/10\/debata2.jpg 720w, https:\/\/sp23.poznan.pl\/wp-content\/uploads\/2021\/10\/debata2-300x225.jpg 300w\" sizes=\"(max-width: 720px) 100vw, 720px\" \/><\/a><\/figure><\/li><\/ul><\/figure>\n","protected":false},"excerpt":{"rendered":"<p>W ramach projektu Urbact uczniowie klasy 8a razem z Pani\u0105 Katarzyn\u0105 Marciniak odwiedzili Centrum Wyk\u0142adowe Politechniki Pozna\u0144skiej. Dzi\u0119ki zaj\u0119ciom uczniowie poszerzyli wiedz\u0119 na temat autoprezentacji oraz poznali zasady tworzenia prezentacji multimedialnych. Druga cz\u0119\u015b\u0107 zaj\u0119\u0107 po\u015bwi\u0119cona zosta\u0142a debacie oksfordzkiej. Opr\u00f3cz cz\u0119\u015bci merytorycznej odby\u0142a si\u0119 r\u00f3wnie\u017c cz\u0119\u015b\u0107 praktyczna, a wi\u0119c debatowanie.<\/p>\n","protected":false},"author":1,"featured_media":0,"comment_status":"open","ping_status":"open","sticky":false,"template":"","format":"standard","meta":{"footnotes":""},"categories":[6],"tags":[],"class_list":["post-243","post","type-post","status-publish","format-standard","hentry","category-urbact"],"_links":{"self":[{"href":"https:\/\/sp23.poznan.pl\/index.php?rest_route=\/wp\/v2\/posts\/243","targetHints":{"allow":["GET"]}}],"collection":[{"href":"https:\/\/sp23.poznan.pl\/index.php?rest_route=\/wp\/v2\/posts"}],"about":[{"href":"https:\/\/sp23.poznan.pl\/index.php?rest_route=\/wp\/v2\/types\/post"}],"author":[{"embeddable":true,"href":"https:\/\/sp23.poznan.pl\/index.php?rest_route=\/wp\/v2\/users\/1"}],"replies":[{"embeddable":true,"href":"https:\/\/sp23.poznan.pl\/index.php?rest_route=%2Fwp%2Fv2%2Fcomments&post=243"}],"version-history":[{"count":1,"href":"https:\/\/sp23.poznan.pl\/index.php?rest_route=\/wp\/v2\/posts\/243\/revisions"}],"predecessor-version":[{"id":246,"href":"https:\/\/sp23.poznan.pl\/index.php?rest_route=\/wp\/v2\/posts\/243\/revisions\/246"}],"wp:attachment":[{"href":"https:\/\/sp23.poznan.pl\/index.php?rest_route=%2Fwp%2Fv2%2Fmedia&parent=243"}],"wp:term":[{"taxonomy":"category","embeddable":true,"href":"https:\/\/sp23.poznan.pl\/index.php?rest_route=%2Fwp%2Fv2%2Fcategories&post=243"},{"taxonomy":"post_tag","embeddable":true,"href":"https:\/\/sp23.poznan.pl\/index.php?rest_route=%2Fwp%2Fv2%2Ftags&post=243"}],"curies":[{"name":"wp","href":"https:\/\/api.w.org\/{rel}","templated":true}]}}