{"id":2388,"date":"2026-04-10T15:04:15","date_gmt":"2026-04-10T13:04:15","guid":{"rendered":"https:\/\/sp23.poznan.pl\/?p=2388"},"modified":"2026-04-10T15:04:32","modified_gmt":"2026-04-10T13:04:32","slug":"nabor-2026","status":"publish","type":"post","link":"https:\/\/sp23.poznan.pl\/?p=2388","title":{"rendered":"Nab\u00f3r 2026"},"content":{"rendered":"\n<p>Przypominamy o trwaj\u0105cej rekrutacji dzieci do klasy pierwszej w terminie do <strong>22 kwietnia 2026 r.<\/strong><\/p>\n\n\n\n<p>W przypadku dzieci:<\/p>\n\n\n\n<p>&#8211; &nbsp;z obwodu szko\u0142y nale\u017cy z\u0142o\u017cy\u0107 <strong>zg\u0142oszenie<\/strong><\/p>\n\n\n\n<p>&#8211; &nbsp;spoza obwodu szko\u0142y nale\u017cy z\u0142o\u017cy\u0107 <strong>wniosek<\/strong><\/p>\n\n\n\n<p>osobi\u015bcie lub przez system nab\u00f3r.<\/p>\n\n\n\n<p>Informacje szczeg\u00f3\u0142owe zawarte s\u0105 w zak\u0142adce <a href=\"https:\/\/sp23.poznan.pl\/?page_id=1452\">Nab\u00f3r 2026<\/a><\/p>\n\n\n\n<p><\/p>\n\n\n\n<p><\/p>\n","protected":false},"excerpt":{"rendered":"<p>Przypominamy o trwaj\u0105cej rekrutacji dzieci do klasy pierwszej w terminie do 22 kwietnia 2026 r. W przypadku dzieci: &#8211; &nbsp;z obwodu szko\u0142y nale\u017cy z\u0142o\u017cy\u0107 zg\u0142oszenie &#8211; &nbsp;spoza obwodu szko\u0142y nale\u017cy z\u0142o\u017cy\u0107 wniosek osobi\u015bcie lub przez system nab\u00f3r. Informacje szczeg\u00f3\u0142owe zawarte s\u0105 w zak\u0142adce Nab\u00f3r 2026<\/p>\n","protected":false},"author":3,"featured_media":0,"comment_status":"open","ping_status":"open","sticky":false,"template":"","format":"standard","meta":{"footnotes":""},"categories":[7,1],"tags":[],"class_list":["post-2388","post","type-post","status-publish","format-standard","hentry","category-aktualnosci","category-bez-kategorii"],"_links":{"self":[{"href":"https:\/\/sp23.poznan.pl\/index.php?rest_route=\/wp\/v2\/posts\/2388","targetHints":{"allow":["GET"]}}],"collection":[{"href":"https:\/\/sp23.poznan.pl\/index.php?rest_route=\/wp\/v2\/posts"}],"about":[{"href":"https:\/\/sp23.poznan.pl\/index.php?rest_route=\/wp\/v2\/types\/post"}],"author":[{"embeddable":true,"href":"https:\/\/sp23.poznan.pl\/index.php?rest_route=\/wp\/v2\/users\/3"}],"replies":[{"embeddable":true,"href":"https:\/\/sp23.poznan.pl\/index.php?rest_route=%2Fwp%2Fv2%2Fcomments&post=2388"}],"version-history":[{"count":1,"href":"https:\/\/sp23.poznan.pl\/index.php?rest_route=\/wp\/v2\/posts\/2388\/revisions"}],"predecessor-version":[{"id":2389,"href":"https:\/\/sp23.poznan.pl\/index.php?rest_route=\/wp\/v2\/posts\/2388\/revisions\/2389"}],"wp:attachment":[{"href":"https:\/\/sp23.poznan.pl\/index.php?rest_route=%2Fwp%2Fv2%2Fmedia&parent=2388"}],"wp:term":[{"taxonomy":"category","embeddable":true,"href":"https:\/\/sp23.poznan.pl\/index.php?rest_route=%2Fwp%2Fv2%2Fcategories&post=2388"},{"taxonomy":"post_tag","embeddable":true,"href":"https:\/\/sp23.poznan.pl\/index.php?rest_route=%2Fwp%2Fv2%2Ftags&post=2388"}],"curies":[{"name":"wp","href":"https:\/\/api.w.org\/{rel}","templated":true}]}}