{"id":2383,"date":"2026-04-08T20:58:19","date_gmt":"2026-04-08T18:58:19","guid":{"rendered":"https:\/\/sp23.poznan.pl\/?p=2383"},"modified":"2026-04-08T20:58:40","modified_gmt":"2026-04-08T18:58:40","slug":"final-v-ogolnopolskiej-olimpiady-antysmogowej","status":"publish","type":"post","link":"https:\/\/sp23.poznan.pl\/?p=2383","title":{"rendered":"Fina\u0142 V Og\u00f3lnopolskiej Olimpiady Antysmogowej"},"content":{"rendered":"\n<figure class=\"wp-block-image aligncenter size-thumbnail\"><img decoding=\"async\" width=\"150\" height=\"150\" src=\"https:\/\/sp23.poznan.pl\/wp-content\/uploads\/2026\/04\/540598313_774958605139710_791839518937388416_n-150x150.jpg\" alt=\"\" class=\"wp-image-2384\" srcset=\"https:\/\/sp23.poznan.pl\/wp-content\/uploads\/2026\/04\/540598313_774958605139710_791839518937388416_n-150x150.jpg 150w, https:\/\/sp23.poznan.pl\/wp-content\/uploads\/2026\/04\/540598313_774958605139710_791839518937388416_n-300x300.jpg 300w, https:\/\/sp23.poznan.pl\/wp-content\/uploads\/2026\/04\/540598313_774958605139710_791839518937388416_n.jpg 469w\" sizes=\"(max-width: 150px) 100vw, 150px\" \/><\/figure>\n\n\n\n<p>Informujemy, \u017ce uczennica klasy 8a Lena Mierzwa dotar\u0142a do fina\u0142u Og\u00f3lnopolskiej Olimpiady Antysmogowej, kt\u00f3ry odb\u0119dzie si\u0119 14 kwietnia 2026r. Serdecznie gratulujemy i trzymamy kciuki w finale.<\/p>\n\n\n\n<p> <\/p>\n","protected":false},"excerpt":{"rendered":"<p>Informujemy, \u017ce uczennica klasy 8a Lena Mierzwa dotar\u0142a do fina\u0142u Og\u00f3lnopolskiej Olimpiady Antysmogowej, kt\u00f3ry odb\u0119dzie si\u0119 14 kwietnia 2026r. Serdecznie gratulujemy i trzymamy kciuki w finale.<\/p>\n","protected":false},"author":3,"featured_media":0,"comment_status":"open","ping_status":"open","sticky":false,"template":"","format":"standard","meta":{"footnotes":""},"categories":[7],"tags":[],"class_list":["post-2383","post","type-post","status-publish","format-standard","hentry","category-aktualnosci"],"_links":{"self":[{"href":"https:\/\/sp23.poznan.pl\/index.php?rest_route=\/wp\/v2\/posts\/2383","targetHints":{"allow":["GET"]}}],"collection":[{"href":"https:\/\/sp23.poznan.pl\/index.php?rest_route=\/wp\/v2\/posts"}],"about":[{"href":"https:\/\/sp23.poznan.pl\/index.php?rest_route=\/wp\/v2\/types\/post"}],"author":[{"embeddable":true,"href":"https:\/\/sp23.poznan.pl\/index.php?rest_route=\/wp\/v2\/users\/3"}],"replies":[{"embeddable":true,"href":"https:\/\/sp23.poznan.pl\/index.php?rest_route=%2Fwp%2Fv2%2Fcomments&post=2383"}],"version-history":[{"count":1,"href":"https:\/\/sp23.poznan.pl\/index.php?rest_route=\/wp\/v2\/posts\/2383\/revisions"}],"predecessor-version":[{"id":2385,"href":"https:\/\/sp23.poznan.pl\/index.php?rest_route=\/wp\/v2\/posts\/2383\/revisions\/2385"}],"wp:attachment":[{"href":"https:\/\/sp23.poznan.pl\/index.php?rest_route=%2Fwp%2Fv2%2Fmedia&parent=2383"}],"wp:term":[{"taxonomy":"category","embeddable":true,"href":"https:\/\/sp23.poznan.pl\/index.php?rest_route=%2Fwp%2Fv2%2Fcategories&post=2383"},{"taxonomy":"post_tag","embeddable":true,"href":"https:\/\/sp23.poznan.pl\/index.php?rest_route=%2Fwp%2Fv2%2Ftags&post=2383"}],"curies":[{"name":"wp","href":"https:\/\/api.w.org\/{rel}","templated":true}]}}