{"id":2379,"date":"2026-04-01T11:01:47","date_gmt":"2026-04-01T09:01:47","guid":{"rendered":"https:\/\/sp23.poznan.pl\/?p=2379"},"modified":"2026-04-01T11:01:47","modified_gmt":"2026-04-01T09:01:47","slug":"wesolych-swiat-wielkanocnych-3","status":"publish","type":"post","link":"https:\/\/sp23.poznan.pl\/?p=2379","title":{"rendered":"WESO\u0141YCH \u015aWI\u0104T WIELKANOCNYCH"},"content":{"rendered":"\n<figure class=\"wp-block-image size-full\"><img fetchpriority=\"high\" decoding=\"async\" width=\"987\" height=\"557\" src=\"https:\/\/sp23.poznan.pl\/wp-content\/uploads\/2026\/04\/1000009686.jpg\" alt=\"Grafika wielkanocna z napisem \u201eWeso\u0142ych \u015awi\u0105t Wielkanocnych \u017cycz\u0105 Dyrekcja i ca\u0142a spo\u0142eczno\u015b\u0107 SP23\u201d. Po prawej stronie ilustracja w ozdobnej ramce przedstawiaj\u0105ca zaj\u0105ca trzymaj\u0105cego pisank\u0119, gniazdo z dwoma du\u017cymi jajami oraz kolorowe kwiaty i bazie. Na ilustracji widniej\u0105 napisy \u201eSP23\u201d.\" class=\"wp-image-2380\" srcset=\"https:\/\/sp23.poznan.pl\/wp-content\/uploads\/2026\/04\/1000009686.jpg 987w, https:\/\/sp23.poznan.pl\/wp-content\/uploads\/2026\/04\/1000009686-300x169.jpg 300w, https:\/\/sp23.poznan.pl\/wp-content\/uploads\/2026\/04\/1000009686-768x433.jpg 768w\" sizes=\"(max-width: 987px) 100vw, 987px\" \/><\/figure>\n\n\n\n<p><\/p>\n","protected":false},"excerpt":{"rendered":"","protected":false},"author":3,"featured_media":2380,"comment_status":"open","ping_status":"open","sticky":false,"template":"","format":"standard","meta":{"footnotes":""},"categories":[7],"tags":[],"class_list":["post-2379","post","type-post","status-publish","format-standard","has-post-thumbnail","hentry","category-aktualnosci"],"_links":{"self":[{"href":"https:\/\/sp23.poznan.pl\/index.php?rest_route=\/wp\/v2\/posts\/2379","targetHints":{"allow":["GET"]}}],"collection":[{"href":"https:\/\/sp23.poznan.pl\/index.php?rest_route=\/wp\/v2\/posts"}],"about":[{"href":"https:\/\/sp23.poznan.pl\/index.php?rest_route=\/wp\/v2\/types\/post"}],"author":[{"embeddable":true,"href":"https:\/\/sp23.poznan.pl\/index.php?rest_route=\/wp\/v2\/users\/3"}],"replies":[{"embeddable":true,"href":"https:\/\/sp23.poznan.pl\/index.php?rest_route=%2Fwp%2Fv2%2Fcomments&post=2379"}],"version-history":[{"count":1,"href":"https:\/\/sp23.poznan.pl\/index.php?rest_route=\/wp\/v2\/posts\/2379\/revisions"}],"predecessor-version":[{"id":2381,"href":"https:\/\/sp23.poznan.pl\/index.php?rest_route=\/wp\/v2\/posts\/2379\/revisions\/2381"}],"wp:featuredmedia":[{"embeddable":true,"href":"https:\/\/sp23.poznan.pl\/index.php?rest_route=\/wp\/v2\/media\/2380"}],"wp:attachment":[{"href":"https:\/\/sp23.poznan.pl\/index.php?rest_route=%2Fwp%2Fv2%2Fmedia&parent=2379"}],"wp:term":[{"taxonomy":"category","embeddable":true,"href":"https:\/\/sp23.poznan.pl\/index.php?rest_route=%2Fwp%2Fv2%2Fcategories&post=2379"},{"taxonomy":"post_tag","embeddable":true,"href":"https:\/\/sp23.poznan.pl\/index.php?rest_route=%2Fwp%2Fv2%2Ftags&post=2379"}],"curies":[{"name":"wp","href":"https:\/\/api.w.org\/{rel}","templated":true}]}}