{"id":234,"date":"2021-10-21T08:57:39","date_gmt":"2021-10-21T06:57:39","guid":{"rendered":"http:\/\/www.sp23.com.pl\/?p=234"},"modified":"2021-10-21T09:05:58","modified_gmt":"2021-10-21T07:05:58","slug":"o-projekcie","status":"publish","type":"post","link":"https:\/\/sp23.poznan.pl\/?p=234","title":{"rendered":"O projekcie"},"content":{"rendered":"\n<p>Ju\u017c od roku wszystkie je\u017cyckie szko\u0142y bior\u0105 udzia\u0142 w unijnym projekcie Urbact. Jego celem jest wyposa\u017cenie m\u0142odzie\u017cy\/uczni\u00f3w (a tak\u017ce innych uczestnik\u00f3w obszaru edukacji) w nowoczesne umiej\u0119tno\u015bci, kt\u00f3re s\u0105 niezb\u0119dne we wsp\u00f3\u0142czesnym \u015bwiecie. Uda\u0142o nam si\u0119 ju\u017c wzi\u0105\u0107 udzia\u0142 w wielu ciekawych zadaniach. W projekcie bierze udzia\u0142 r\u00f3wnie\u017c Urz\u0105d Miasta Poznania oraz Politechnika Pozna\u0144ska.<\/p>\n\n\n\n<div class=\"wp-block-image\"><figure class=\"aligncenter size-full\"><img decoding=\"async\" width=\"364\" height=\"120\" src=\"http:\/\/www.sp23.com.pl\/wp-content\/uploads\/2021\/10\/Urbact-ERDF.jpg\" alt=\"\" class=\"wp-image-235\" srcset=\"https:\/\/sp23.poznan.pl\/wp-content\/uploads\/2021\/10\/Urbact-ERDF.jpg 364w, https:\/\/sp23.poznan.pl\/wp-content\/uploads\/2021\/10\/Urbact-ERDF-300x99.jpg 300w\" sizes=\"(max-width: 364px) 100vw, 364px\" \/><\/figure><\/div>\n","protected":false},"excerpt":{"rendered":"<p>Ju\u017c od roku wszystkie je\u017cyckie szko\u0142y bior\u0105 udzia\u0142 w unijnym projekcie Urbact. Jego celem jest wyposa\u017cenie m\u0142odzie\u017cy\/uczni\u00f3w (a tak\u017ce innych uczestnik\u00f3w obszaru edukacji) w nowoczesne umiej\u0119tno\u015bci, kt\u00f3re s\u0105 niezb\u0119dne we wsp\u00f3\u0142czesnym \u015bwiecie. Uda\u0142o nam si\u0119 ju\u017c wzi\u0105\u0107 udzia\u0142 w wielu ciekawych zadaniach. W projekcie bierze udzia\u0142 r\u00f3wnie\u017c Urz\u0105d Miasta Poznania oraz Politechnika Pozna\u0144ska.<\/p>\n","protected":false},"author":1,"featured_media":0,"comment_status":"open","ping_status":"open","sticky":false,"template":"","format":"standard","meta":{"footnotes":""},"categories":[6],"tags":[],"class_list":["post-234","post","type-post","status-publish","format-standard","hentry","category-urbact"],"_links":{"self":[{"href":"https:\/\/sp23.poznan.pl\/index.php?rest_route=\/wp\/v2\/posts\/234","targetHints":{"allow":["GET"]}}],"collection":[{"href":"https:\/\/sp23.poznan.pl\/index.php?rest_route=\/wp\/v2\/posts"}],"about":[{"href":"https:\/\/sp23.poznan.pl\/index.php?rest_route=\/wp\/v2\/types\/post"}],"author":[{"embeddable":true,"href":"https:\/\/sp23.poznan.pl\/index.php?rest_route=\/wp\/v2\/users\/1"}],"replies":[{"embeddable":true,"href":"https:\/\/sp23.poznan.pl\/index.php?rest_route=%2Fwp%2Fv2%2Fcomments&post=234"}],"version-history":[{"count":2,"href":"https:\/\/sp23.poznan.pl\/index.php?rest_route=\/wp\/v2\/posts\/234\/revisions"}],"predecessor-version":[{"id":265,"href":"https:\/\/sp23.poznan.pl\/index.php?rest_route=\/wp\/v2\/posts\/234\/revisions\/265"}],"wp:attachment":[{"href":"https:\/\/sp23.poznan.pl\/index.php?rest_route=%2Fwp%2Fv2%2Fmedia&parent=234"}],"wp:term":[{"taxonomy":"category","embeddable":true,"href":"https:\/\/sp23.poznan.pl\/index.php?rest_route=%2Fwp%2Fv2%2Fcategories&post=234"},{"taxonomy":"post_tag","embeddable":true,"href":"https:\/\/sp23.poznan.pl\/index.php?rest_route=%2Fwp%2Fv2%2Ftags&post=234"}],"curies":[{"name":"wp","href":"https:\/\/api.w.org\/{rel}","templated":true}]}}