{"id":2174,"date":"2025-04-28T19:11:51","date_gmt":"2025-04-28T17:11:51","guid":{"rendered":"https:\/\/www.sp23.com.pl\/?p=2174"},"modified":"2025-05-10T19:31:21","modified_gmt":"2025-05-10T17:31:21","slug":"uroczyste-wreczenie-zaswiadczen-finalistom-wojewodzkich-konkursow-przedmiotowych-organizowanych-przez-wielkopolskiego-kuratora-oswiaty","status":"publish","type":"post","link":"https:\/\/sp23.poznan.pl\/?p=2174","title":{"rendered":"Uroczyste wr\u0119czenie za\u015bwiadcze\u0144 Finalistom Wojew\u00f3dzkich Konkurs\u00f3w Przedmiotowych organizowanych przez Wielkopolskiego Kuratora O\u015bwiaty."},"content":{"rendered":"\n<p class=\"has-medium-font-size\">25.04.2025r. odby\u0142o si\u0119 uroczyste wr\u0119czenie za\u015bwiadcze\u0144 Finalistom Wojew\u00f3dzkich Konkurs\u00f3w Przedmiotowych organizowanych przez Wielkopolskiego Kuratora O\u015bwiaty. Zofia Teska &#8211; Finalistka Wojew\u00f3dzkiego Konkursu Biologicznego oraz Wojew\u00f3dzkiego Konkursu J\u0119zyka Polskiego Marianna Krawiecka &#8211; Finalistka Wojew\u00f3dzkiego Konkursu J\u0119zyka Polskiego Zosia znalaz\u0142a si\u0119 w gronie pi\u0119ciu os\u00f3b, kt\u00f3re zdoby\u0142y podw\u00f3jny tytu\u0142 Finalisty. Za\u015bwiadczenia wr\u0119czyli Wielkopolski Kurator O\u015bwiaty dr Igor Bykowski oraz Wiceminister Edukacji Narodowej Paulina Piechna-Wi\u0119ckiewicz i Wielkopolska Wicekurator O\u015bwiaty Izabela Liebert-J\u0119droszkowiak. <br>Gratulujemy i \u017cyczymy dalszych sukces\u00f3w<\/p>\n\n\n\n<figure class=\"wp-block-gallery has-nested-images columns-default is-cropped wp-block-gallery-1 is-layout-flex wp-block-gallery-is-layout-flex\">\n<figure class=\"wp-block-image size-large\"><img fetchpriority=\"high\" decoding=\"async\" width=\"1024\" height=\"915\" data-id=\"2177\" src=\"https:\/\/www.sp23.com.pl\/wp-content\/uploads\/2025\/05\/0d11b19e-8e9a-4d8d-9028-f4868e31c5a8-1024x915.jpg\" alt=\"Dwie m\u0142ode osoby stoj\u0105 po bokach kobiety w ciemnej marynarce i sp\u00f3dnicy. Wszystkie trzy osoby u\u015bmiechaj\u0105 si\u0119 i trzymaj\u0105 certyfikaty. W tle widoczny baner Kuratorium O\u015bwiaty w Poznaniu.\" class=\"wp-image-2177\" srcset=\"https:\/\/sp23.poznan.pl\/wp-content\/uploads\/2025\/05\/0d11b19e-8e9a-4d8d-9028-f4868e31c5a8-1024x915.jpg 1024w, https:\/\/sp23.poznan.pl\/wp-content\/uploads\/2025\/05\/0d11b19e-8e9a-4d8d-9028-f4868e31c5a8-300x268.jpg 300w, https:\/\/sp23.poznan.pl\/wp-content\/uploads\/2025\/05\/0d11b19e-8e9a-4d8d-9028-f4868e31c5a8-768x686.jpg 768w, https:\/\/sp23.poznan.pl\/wp-content\/uploads\/2025\/05\/0d11b19e-8e9a-4d8d-9028-f4868e31c5a8-1536x1372.jpg 1536w, https:\/\/sp23.poznan.pl\/wp-content\/uploads\/2025\/05\/0d11b19e-8e9a-4d8d-9028-f4868e31c5a8.jpg 2048w\" sizes=\"(max-width: 1024px) 100vw, 1024px\" \/><\/figure>\n\n\n\n<figure class=\"wp-block-image size-large\"><img decoding=\"async\" width=\"1024\" height=\"909\" data-id=\"2180\" src=\"https:\/\/www.sp23.com.pl\/wp-content\/uploads\/2025\/05\/2a5dfa55-8988-4724-a5fd-174a539b66dc-1024x909.jpg\" alt=\"Grupa pi\u0119ciu os\u00f3b stoi na scenie, trzymaj\u0105c w r\u0119kach certyfikaty. Po lewej stronie stoi kobieta w czerwonej marynarce i ciemnej d\u0142ugiej sp\u00f3dnicy. Pozosta\u0142e osoby maj\u0105 zakryte twarze emotikonami u\u015bmiechu. W tle widoczny baner Kuratorium O\u015bwiaty w Poznaniu z r\u00f3\u017cnymi has\u0142ami oraz fragment harfy po prawej stronie.\" class=\"wp-image-2180\" srcset=\"https:\/\/sp23.poznan.pl\/wp-content\/uploads\/2025\/05\/2a5dfa55-8988-4724-a5fd-174a539b66dc-1024x909.jpg 1024w, https:\/\/sp23.poznan.pl\/wp-content\/uploads\/2025\/05\/2a5dfa55-8988-4724-a5fd-174a539b66dc-300x266.jpg 300w, https:\/\/sp23.poznan.pl\/wp-content\/uploads\/2025\/05\/2a5dfa55-8988-4724-a5fd-174a539b66dc-768x682.jpg 768w, https:\/\/sp23.poznan.pl\/wp-content\/uploads\/2025\/05\/2a5dfa55-8988-4724-a5fd-174a539b66dc-1536x1364.jpg 1536w, https:\/\/sp23.poznan.pl\/wp-content\/uploads\/2025\/05\/2a5dfa55-8988-4724-a5fd-174a539b66dc.jpg 2048w\" sizes=\"(max-width: 1024px) 100vw, 1024px\" \/><\/figure>\n\n\n\n<figure class=\"wp-block-image size-large\"><img decoding=\"async\" width=\"1024\" height=\"768\" data-id=\"2181\" src=\"https:\/\/www.sp23.com.pl\/wp-content\/uploads\/2025\/05\/5db3e162-229a-46d6-9fb6-901eb8ddd5d6-1024x768.jpg\" alt=\"Kobieta w czarnej marynarce i ciemnej sp\u00f3dnicy stoi mi\u0119dzy dwiema m\u0142odymi osobami, z kt\u00f3rych jedna trzyma certyfikat. W tle widoczny baner Kuratorium O\u015bwiaty w Poznaniu.\" class=\"wp-image-2181\" srcset=\"https:\/\/sp23.poznan.pl\/wp-content\/uploads\/2025\/05\/5db3e162-229a-46d6-9fb6-901eb8ddd5d6-1024x768.jpg 1024w, https:\/\/sp23.poznan.pl\/wp-content\/uploads\/2025\/05\/5db3e162-229a-46d6-9fb6-901eb8ddd5d6-300x225.jpg 300w, https:\/\/sp23.poznan.pl\/wp-content\/uploads\/2025\/05\/5db3e162-229a-46d6-9fb6-901eb8ddd5d6-768x576.jpg 768w, https:\/\/sp23.poznan.pl\/wp-content\/uploads\/2025\/05\/5db3e162-229a-46d6-9fb6-901eb8ddd5d6-1536x1152.jpg 1536w, https:\/\/sp23.poznan.pl\/wp-content\/uploads\/2025\/05\/5db3e162-229a-46d6-9fb6-901eb8ddd5d6.jpg 2048w\" sizes=\"(max-width: 1024px) 100vw, 1024px\" \/><\/figure>\n\n\n\n<figure class=\"wp-block-image size-large\"><img loading=\"lazy\" decoding=\"async\" width=\"1024\" height=\"967\" data-id=\"2185\" src=\"https:\/\/www.sp23.com.pl\/wp-content\/uploads\/2025\/05\/17e0852a-6bc0-4dab-96c0-55109194c5a8-1024x967.jpg\" alt=\"Dwie m\u0142ode osoby stoj\u0105 po bokach kobiety w ciemnej marynarce i sp\u00f3dnicy. Wszystkie trzy osoby u\u015bmiechaj\u0105 si\u0119 i trzymaj\u0105 certyfikaty. W tle widoczny baner Kuratorium O\u015bwiaty w Poznaniu.\" class=\"wp-image-2185\" srcset=\"https:\/\/sp23.poznan.pl\/wp-content\/uploads\/2025\/05\/17e0852a-6bc0-4dab-96c0-55109194c5a8-1024x967.jpg 1024w, https:\/\/sp23.poznan.pl\/wp-content\/uploads\/2025\/05\/17e0852a-6bc0-4dab-96c0-55109194c5a8-300x283.jpg 300w, https:\/\/sp23.poznan.pl\/wp-content\/uploads\/2025\/05\/17e0852a-6bc0-4dab-96c0-55109194c5a8-768x725.jpg 768w, https:\/\/sp23.poznan.pl\/wp-content\/uploads\/2025\/05\/17e0852a-6bc0-4dab-96c0-55109194c5a8-1536x1450.jpg 1536w, https:\/\/sp23.poznan.pl\/wp-content\/uploads\/2025\/05\/17e0852a-6bc0-4dab-96c0-55109194c5a8.jpg 2048w\" sizes=\"(max-width: 1024px) 100vw, 1024px\" \/><\/figure>\n\n\n\n<figure class=\"wp-block-image size-large\"><img loading=\"lazy\" decoding=\"async\" width=\"1024\" height=\"936\" data-id=\"2184\" src=\"https:\/\/www.sp23.com.pl\/wp-content\/uploads\/2025\/05\/34e4d357-f0a0-4f7a-be17-c32f0d25c4d6-1024x936.jpg\" alt=\"Kobieta w czerwonej marynarce wr\u0119cza certyfikat m\u0142odej osobie w bia\u0142ej koszuli i ciemnej sp\u00f3dnicy. W tle widoczne dwie inne m\u0142ode osoby oraz baner Kuratorium O\u015bwiaty w Poznaniu z r\u00f3\u017cnymi has\u0142ami.\" class=\"wp-image-2184\" srcset=\"https:\/\/sp23.poznan.pl\/wp-content\/uploads\/2025\/05\/34e4d357-f0a0-4f7a-be17-c32f0d25c4d6-1024x936.jpg 1024w, https:\/\/sp23.poznan.pl\/wp-content\/uploads\/2025\/05\/34e4d357-f0a0-4f7a-be17-c32f0d25c4d6-300x274.jpg 300w, https:\/\/sp23.poznan.pl\/wp-content\/uploads\/2025\/05\/34e4d357-f0a0-4f7a-be17-c32f0d25c4d6-768x702.jpg 768w, https:\/\/sp23.poznan.pl\/wp-content\/uploads\/2025\/05\/34e4d357-f0a0-4f7a-be17-c32f0d25c4d6-1536x1403.jpg 1536w, https:\/\/sp23.poznan.pl\/wp-content\/uploads\/2025\/05\/34e4d357-f0a0-4f7a-be17-c32f0d25c4d6.jpg 2048w\" sizes=\"(max-width: 1024px) 100vw, 1024px\" \/><\/figure>\n\n\n\n<figure class=\"wp-block-image size-large\"><img loading=\"lazy\" decoding=\"async\" width=\"1024\" height=\"705\" data-id=\"2179\" src=\"https:\/\/www.sp23.com.pl\/wp-content\/uploads\/2025\/05\/45f5cb88-145d-43f0-8945-afe061f70b1e-1024x705.jpg\" alt=\"Slajd prezentacji z tytu\u0142em &quot;Uroczysto\u015b\u0107 wr\u0119czenia za\u015bwiadcze\u0144 Finalistom Wojew\u00f3dzkich Konkurs\u00f3w Przedmiotowych organizowanych przez Wielkopolskiego Kuratora O\u015bwiaty&quot;. W lewym g\u00f3rnym rogu logo Wielkopolskiego Kuratora O\u015bwiaty. W dolnej cz\u0119\u015bci widoczny napis &quot;Pozna\u0144, 25.04.2025 r.&quot;.\" class=\"wp-image-2179\" srcset=\"https:\/\/sp23.poznan.pl\/wp-content\/uploads\/2025\/05\/45f5cb88-145d-43f0-8945-afe061f70b1e-1024x705.jpg 1024w, https:\/\/sp23.poznan.pl\/wp-content\/uploads\/2025\/05\/45f5cb88-145d-43f0-8945-afe061f70b1e-300x207.jpg 300w, https:\/\/sp23.poznan.pl\/wp-content\/uploads\/2025\/05\/45f5cb88-145d-43f0-8945-afe061f70b1e-768x529.jpg 768w, https:\/\/sp23.poznan.pl\/wp-content\/uploads\/2025\/05\/45f5cb88-145d-43f0-8945-afe061f70b1e-1536x1058.jpg 1536w, https:\/\/sp23.poznan.pl\/wp-content\/uploads\/2025\/05\/45f5cb88-145d-43f0-8945-afe061f70b1e.jpg 2048w\" sizes=\"(max-width: 1024px) 100vw, 1024px\" \/><\/figure>\n\n\n\n<figure class=\"wp-block-image size-large\"><img loading=\"lazy\" decoding=\"async\" width=\"1024\" height=\"694\" data-id=\"2183\" src=\"https:\/\/www.sp23.com.pl\/wp-content\/uploads\/2025\/05\/81ae8b2f-47dc-42f3-b610-2c964bca74e3-1024x694.jpg\" alt=\"Grupa sze\u015bciu os\u00f3b stoi na scenie, trzymaj\u0105c certyfikaty. Kobieta w czerwonej marynarce i ciemnej d\u0142ugiej sp\u00f3dnicy stoi po lewej stronie. Pozosta\u0142e osoby maj\u0105 zakryte twarze emotikonami u\u015bmiechu. W tle widoczny baner Kuratorium O\u015bwiaty w Poznaniu oraz fragment harfy po prawej stronie.\" class=\"wp-image-2183\" srcset=\"https:\/\/sp23.poznan.pl\/wp-content\/uploads\/2025\/05\/81ae8b2f-47dc-42f3-b610-2c964bca74e3-1024x694.jpg 1024w, https:\/\/sp23.poznan.pl\/wp-content\/uploads\/2025\/05\/81ae8b2f-47dc-42f3-b610-2c964bca74e3-300x203.jpg 300w, https:\/\/sp23.poznan.pl\/wp-content\/uploads\/2025\/05\/81ae8b2f-47dc-42f3-b610-2c964bca74e3-768x520.jpg 768w, https:\/\/sp23.poznan.pl\/wp-content\/uploads\/2025\/05\/81ae8b2f-47dc-42f3-b610-2c964bca74e3-1536x1040.jpg 1536w, https:\/\/sp23.poznan.pl\/wp-content\/uploads\/2025\/05\/81ae8b2f-47dc-42f3-b610-2c964bca74e3.jpg 2048w\" sizes=\"(max-width: 1024px) 100vw, 1024px\" \/><\/figure>\n\n\n\n<figure class=\"wp-block-image size-large\"><img loading=\"lazy\" decoding=\"async\" width=\"654\" height=\"1024\" data-id=\"2178\" src=\"https:\/\/www.sp23.com.pl\/wp-content\/uploads\/2025\/05\/95f54908-b022-4e46-8cca-b94f480d7fbc-654x1024.jpg\" alt=\"M\u0119\u017cczyzna w ciemnym garniturze wr\u0119cza certyfikat m\u0142odej osobie w bia\u0142ej koszuli i czarnej sp\u00f3dnicy. Obok stoi kobieta w liliowym garniturze. W tle widoczny baner z cz\u0119\u015bciowo widocznym napisem &quot;WIELKOPOLSKI KURATOR O\u015aWIATY&quot;.\" class=\"wp-image-2178\" srcset=\"https:\/\/sp23.poznan.pl\/wp-content\/uploads\/2025\/05\/95f54908-b022-4e46-8cca-b94f480d7fbc-654x1024.jpg 654w, https:\/\/sp23.poznan.pl\/wp-content\/uploads\/2025\/05\/95f54908-b022-4e46-8cca-b94f480d7fbc-191x300.jpg 191w, https:\/\/sp23.poznan.pl\/wp-content\/uploads\/2025\/05\/95f54908-b022-4e46-8cca-b94f480d7fbc-768x1203.jpg 768w, https:\/\/sp23.poznan.pl\/wp-content\/uploads\/2025\/05\/95f54908-b022-4e46-8cca-b94f480d7fbc-980x1536.jpg 980w, https:\/\/sp23.poznan.pl\/wp-content\/uploads\/2025\/05\/95f54908-b022-4e46-8cca-b94f480d7fbc.jpg 1307w\" sizes=\"(max-width: 654px) 100vw, 654px\" \/><\/figure>\n\n\n\n<figure class=\"wp-block-image size-large\"><img loading=\"lazy\" decoding=\"async\" width=\"1024\" height=\"768\" data-id=\"2182\" src=\"https:\/\/www.sp23.com.pl\/wp-content\/uploads\/2025\/05\/98e542e6-b50f-4bfa-8fa4-de72bf360737-1024x768.jpg\" alt=\"M\u0142oda osoba trzymaj\u0105ca certyfikat pozuje do zdj\u0119cia z u\u015bmiechni\u0119t\u0105 kobiet\u0105 w czarnej marynarce i ciemnej sp\u00f3dnicy. W tle widoczny baner Kuratorium O\u015bwiaty w Poznaniu z r\u00f3\u017cnymi has\u0142ami.\" class=\"wp-image-2182\" srcset=\"https:\/\/sp23.poznan.pl\/wp-content\/uploads\/2025\/05\/98e542e6-b50f-4bfa-8fa4-de72bf360737-1024x768.jpg 1024w, https:\/\/sp23.poznan.pl\/wp-content\/uploads\/2025\/05\/98e542e6-b50f-4bfa-8fa4-de72bf360737-300x225.jpg 300w, https:\/\/sp23.poznan.pl\/wp-content\/uploads\/2025\/05\/98e542e6-b50f-4bfa-8fa4-de72bf360737-768x576.jpg 768w, https:\/\/sp23.poznan.pl\/wp-content\/uploads\/2025\/05\/98e542e6-b50f-4bfa-8fa4-de72bf360737-1536x1152.jpg 1536w, https:\/\/sp23.poznan.pl\/wp-content\/uploads\/2025\/05\/98e542e6-b50f-4bfa-8fa4-de72bf360737.jpg 2048w\" sizes=\"(max-width: 1024px) 100vw, 1024px\" \/><\/figure>\n\n\n\n<figure class=\"wp-block-image size-large\"><img loading=\"lazy\" decoding=\"async\" width=\"979\" height=\"1024\" data-id=\"2186\" src=\"https:\/\/www.sp23.com.pl\/wp-content\/uploads\/2025\/05\/206fc62c-76fb-4e0a-a03f-9e29a753c956-979x1024.jpg\" alt=\"M\u0142oda osoba w bia\u0142ej koszuli i czarnej sp\u00f3dnicy stoi na tle baneru Kuratorium O\u015bwiaty w Poznaniu, trzymaj\u0105c w r\u0119kach certyfikat\" class=\"wp-image-2186\" srcset=\"https:\/\/sp23.poznan.pl\/wp-content\/uploads\/2025\/05\/206fc62c-76fb-4e0a-a03f-9e29a753c956-979x1024.jpg 979w, https:\/\/sp23.poznan.pl\/wp-content\/uploads\/2025\/05\/206fc62c-76fb-4e0a-a03f-9e29a753c956-287x300.jpg 287w, https:\/\/sp23.poznan.pl\/wp-content\/uploads\/2025\/05\/206fc62c-76fb-4e0a-a03f-9e29a753c956-768x804.jpg 768w, https:\/\/sp23.poznan.pl\/wp-content\/uploads\/2025\/05\/206fc62c-76fb-4e0a-a03f-9e29a753c956-1468x1536.jpg 1468w, https:\/\/sp23.poznan.pl\/wp-content\/uploads\/2025\/05\/206fc62c-76fb-4e0a-a03f-9e29a753c956.jpg 1957w\" sizes=\"(max-width: 979px) 100vw, 979px\" \/><\/figure>\n\n\n\n<figure class=\"wp-block-image size-large\"><img loading=\"lazy\" decoding=\"async\" width=\"461\" height=\"1024\" data-id=\"2176\" src=\"https:\/\/www.sp23.com.pl\/wp-content\/uploads\/2025\/05\/8583ce83-123a-4e26-9190-3281b6526b77-461x1024.jpg\" alt=\"wie m\u0142ode osoby trzymaj\u0105ce certyfikaty stoj\u0105 obok kobiety w szarej marynarce i sp\u00f3dnicy. W tle widoczny baner Kuratorium O\u015bwiaty w Poznaniu oraz fragment slajdu prezentacji.\" class=\"wp-image-2176\" srcset=\"https:\/\/sp23.poznan.pl\/wp-content\/uploads\/2025\/05\/8583ce83-123a-4e26-9190-3281b6526b77-461x1024.jpg 461w, https:\/\/sp23.poznan.pl\/wp-content\/uploads\/2025\/05\/8583ce83-123a-4e26-9190-3281b6526b77-135x300.jpg 135w, https:\/\/sp23.poznan.pl\/wp-content\/uploads\/2025\/05\/8583ce83-123a-4e26-9190-3281b6526b77-768x1706.jpg 768w, https:\/\/sp23.poznan.pl\/wp-content\/uploads\/2025\/05\/8583ce83-123a-4e26-9190-3281b6526b77-692x1536.jpg 692w, https:\/\/sp23.poznan.pl\/wp-content\/uploads\/2025\/05\/8583ce83-123a-4e26-9190-3281b6526b77.jpg 922w\" sizes=\"(max-width: 461px) 100vw, 461px\" \/><\/figure>\n\n\n\n<figure class=\"wp-block-image size-large\"><img loading=\"lazy\" decoding=\"async\" width=\"1024\" height=\"448\" data-id=\"2175\" src=\"https:\/\/www.sp23.com.pl\/wp-content\/uploads\/2025\/05\/79262b92-9412-4bbc-8b46-2d89f25790b6-1024x448.jpg\" alt=\"Kobieta w jasnym garniturze stoi za m\u00f3wnic\u0105 i przemawia. W tle widoczny ekran projekcyjny z tytu\u0142em &quot;Uroczysto\u015b\u0107 wr\u0119czenia za\u015bwiadcze\u0144 Finalistom Wojew\u00f3dzkich Konkurs\u00f3w Przedmiotowych organizowanych przez Wielkopolskiego Kuratora O\u015bwiaty&quot;. Na scenie za m\u00f3wnic\u0105 stoj\u0105 trzy flagi: Polski, Unii Europejskiej i prawdopodobnie Wielkopolski.\" class=\"wp-image-2175\" srcset=\"https:\/\/sp23.poznan.pl\/wp-content\/uploads\/2025\/05\/79262b92-9412-4bbc-8b46-2d89f25790b6-1024x448.jpg 1024w, https:\/\/sp23.poznan.pl\/wp-content\/uploads\/2025\/05\/79262b92-9412-4bbc-8b46-2d89f25790b6-300x131.jpg 300w, https:\/\/sp23.poznan.pl\/wp-content\/uploads\/2025\/05\/79262b92-9412-4bbc-8b46-2d89f25790b6-768x336.jpg 768w, https:\/\/sp23.poznan.pl\/wp-content\/uploads\/2025\/05\/79262b92-9412-4bbc-8b46-2d89f25790b6-1536x671.jpg 1536w, https:\/\/sp23.poznan.pl\/wp-content\/uploads\/2025\/05\/79262b92-9412-4bbc-8b46-2d89f25790b6.jpg 2048w\" sizes=\"(max-width: 1024px) 100vw, 1024px\" \/><\/figure>\n\n\n\n<figure class=\"wp-block-image size-large\"><img loading=\"lazy\" decoding=\"async\" width=\"1024\" height=\"768\" data-id=\"2187\" src=\"https:\/\/www.sp23.com.pl\/wp-content\/uploads\/2025\/05\/d11cc4cb-b7c2-47b1-8d99-85212396098d-1024x768.jpg\" alt=\"M\u0142oda osoba trzymaj\u0105ca certyfikat pozuje do zdj\u0119cia z u\u015bmiechni\u0119t\u0105 kobiet\u0105 w ciemnej wzorzystej marynarce i sp\u00f3dnicy. W tle widoczny baner Kuratorium O\u015bwiaty w Poznaniu z r\u00f3\u017cnymi has\u0142ami.\" class=\"wp-image-2187\" srcset=\"https:\/\/sp23.poznan.pl\/wp-content\/uploads\/2025\/05\/d11cc4cb-b7c2-47b1-8d99-85212396098d-1024x768.jpg 1024w, https:\/\/sp23.poznan.pl\/wp-content\/uploads\/2025\/05\/d11cc4cb-b7c2-47b1-8d99-85212396098d-300x225.jpg 300w, https:\/\/sp23.poznan.pl\/wp-content\/uploads\/2025\/05\/d11cc4cb-b7c2-47b1-8d99-85212396098d-768x576.jpg 768w, https:\/\/sp23.poznan.pl\/wp-content\/uploads\/2025\/05\/d11cc4cb-b7c2-47b1-8d99-85212396098d-1536x1152.jpg 1536w, https:\/\/sp23.poznan.pl\/wp-content\/uploads\/2025\/05\/d11cc4cb-b7c2-47b1-8d99-85212396098d.jpg 2048w\" sizes=\"(max-width: 1024px) 100vw, 1024px\" \/><\/figure>\n\n\n\n<figure class=\"wp-block-image size-large\"><img loading=\"lazy\" decoding=\"async\" width=\"1024\" height=\"580\" data-id=\"2188\" src=\"https:\/\/www.sp23.com.pl\/wp-content\/uploads\/2025\/05\/ec6b2921-c730-4e30-97da-fbab01e327f9-1024x580.jpg\" alt=\"M\u0119\u017cczyzna w ciemnym garniturze stoi za m\u00f3wnic\u0105 i przemawia. W tle widoczny ekran projekcyjny z tytu\u0142em &quot;Uroczysto\u015b\u0107 wr\u0119czenia za\u015bwiadcze\u0144 Finalistom Wojew\u00f3dzkich Konkurs\u00f3w Przedmiotowych organizowanych przez Wielkopolskiego Kuratora O\u015bwiaty&quot;. Na scenie za m\u00f3wnic\u0105 stoj\u0105 trzy flagi: Polski, Unii Europejskiej i prawdopodobnie Wielkopolski.\" class=\"wp-image-2188\" srcset=\"https:\/\/sp23.poznan.pl\/wp-content\/uploads\/2025\/05\/ec6b2921-c730-4e30-97da-fbab01e327f9-1024x580.jpg 1024w, https:\/\/sp23.poznan.pl\/wp-content\/uploads\/2025\/05\/ec6b2921-c730-4e30-97da-fbab01e327f9-300x170.jpg 300w, https:\/\/sp23.poznan.pl\/wp-content\/uploads\/2025\/05\/ec6b2921-c730-4e30-97da-fbab01e327f9-768x435.jpg 768w, https:\/\/sp23.poznan.pl\/wp-content\/uploads\/2025\/05\/ec6b2921-c730-4e30-97da-fbab01e327f9-1536x870.jpg 1536w, https:\/\/sp23.poznan.pl\/wp-content\/uploads\/2025\/05\/ec6b2921-c730-4e30-97da-fbab01e327f9.jpg 2048w\" sizes=\"(max-width: 1024px) 100vw, 1024px\" \/><\/figure>\n\n\n\n<figure class=\"wp-block-image size-large\"><img loading=\"lazy\" decoding=\"async\" width=\"1024\" height=\"768\" data-id=\"2189\" src=\"https:\/\/www.sp23.com.pl\/wp-content\/uploads\/2025\/05\/f22efd43-d11e-4cc7-a5bb-876c59cc3f28-1024x768.jpg\" alt=\"Grupa sze\u015bciu os\u00f3b stoi w rz\u0119dzie, trzymaj\u0105c w r\u0119kach certyfikaty. Po lewej stronie stoi kobieta w liliowym garniturze, a po prawej m\u0119\u017cczyzna w ciemnym garniturze. Cztery osoby w \u015brodku maj\u0105 zakryte twarze emotikonami u\u015bmiechu. W tle widoczny baner Kuratorium O\u015bwiaty w Poznaniu z r\u00f3\u017cnymi has\u0142ami.\" class=\"wp-image-2189\" srcset=\"https:\/\/sp23.poznan.pl\/wp-content\/uploads\/2025\/05\/f22efd43-d11e-4cc7-a5bb-876c59cc3f28-1024x768.jpg 1024w, https:\/\/sp23.poznan.pl\/wp-content\/uploads\/2025\/05\/f22efd43-d11e-4cc7-a5bb-876c59cc3f28-300x225.jpg 300w, https:\/\/sp23.poznan.pl\/wp-content\/uploads\/2025\/05\/f22efd43-d11e-4cc7-a5bb-876c59cc3f28-768x576.jpg 768w, https:\/\/sp23.poznan.pl\/wp-content\/uploads\/2025\/05\/f22efd43-d11e-4cc7-a5bb-876c59cc3f28-1536x1152.jpg 1536w, https:\/\/sp23.poznan.pl\/wp-content\/uploads\/2025\/05\/f22efd43-d11e-4cc7-a5bb-876c59cc3f28.jpg 2048w\" sizes=\"(max-width: 1024px) 100vw, 1024px\" \/><\/figure>\n<\/figure>\n\n\n\n<p><\/p>\n","protected":false},"excerpt":{"rendered":"<p>25.04.2025r. odby\u0142o si\u0119 uroczyste wr\u0119czenie za\u015bwiadcze\u0144 Finalistom Wojew\u00f3dzkich Konkurs\u00f3w Przedmiotowych organizowanych przez Wielkopolskiego Kuratora O\u015bwiaty. Zofia Teska &#8211; Finalistka Wojew\u00f3dzkiego Konkursu Biologicznego oraz Wojew\u00f3dzkiego Konkursu J\u0119zyka Polskiego Marianna Krawiecka &#8211; Finalistka Wojew\u00f3dzkiego Konkursu J\u0119zyka Polskiego Zosia znalaz\u0142a si\u0119 w gronie pi\u0119ciu os\u00f3b, kt\u00f3re zdoby\u0142y podw\u00f3jny tytu\u0142 Finalisty. Za\u015bwiadczenia wr\u0119czyli Wielkopolski Kurator O\u015bwiaty dr Igor Bykowski [&hellip;]<\/p>\n","protected":false},"author":3,"featured_media":2179,"comment_status":"open","ping_status":"open","sticky":false,"template":"","format":"standard","meta":{"footnotes":""},"categories":[7,13],"tags":[],"class_list":["post-2174","post","type-post","status-publish","format-standard","has-post-thumbnail","hentry","category-aktualnosci","category-galeria"],"_links":{"self":[{"href":"https:\/\/sp23.poznan.pl\/index.php?rest_route=\/wp\/v2\/posts\/2174","targetHints":{"allow":["GET"]}}],"collection":[{"href":"https:\/\/sp23.poznan.pl\/index.php?rest_route=\/wp\/v2\/posts"}],"about":[{"href":"https:\/\/sp23.poznan.pl\/index.php?rest_route=\/wp\/v2\/types\/post"}],"author":[{"embeddable":true,"href":"https:\/\/sp23.poznan.pl\/index.php?rest_route=\/wp\/v2\/users\/3"}],"replies":[{"embeddable":true,"href":"https:\/\/sp23.poznan.pl\/index.php?rest_route=%2Fwp%2Fv2%2Fcomments&post=2174"}],"version-history":[{"count":1,"href":"https:\/\/sp23.poznan.pl\/index.php?rest_route=\/wp\/v2\/posts\/2174\/revisions"}],"predecessor-version":[{"id":2190,"href":"https:\/\/sp23.poznan.pl\/index.php?rest_route=\/wp\/v2\/posts\/2174\/revisions\/2190"}],"wp:featuredmedia":[{"embeddable":true,"href":"https:\/\/sp23.poznan.pl\/index.php?rest_route=\/wp\/v2\/media\/2179"}],"wp:attachment":[{"href":"https:\/\/sp23.poznan.pl\/index.php?rest_route=%2Fwp%2Fv2%2Fmedia&parent=2174"}],"wp:term":[{"taxonomy":"category","embeddable":true,"href":"https:\/\/sp23.poznan.pl\/index.php?rest_route=%2Fwp%2Fv2%2Fcategories&post=2174"},{"taxonomy":"post_tag","embeddable":true,"href":"https:\/\/sp23.poznan.pl\/index.php?rest_route=%2Fwp%2Fv2%2Ftags&post=2174"}],"curies":[{"name":"wp","href":"https:\/\/api.w.org\/{rel}","templated":true}]}}