{"id":2147,"date":"2025-04-03T10:03:53","date_gmt":"2025-04-03T08:03:53","guid":{"rendered":"https:\/\/www.sp23.com.pl\/?p=2147"},"modified":"2025-04-03T10:03:53","modified_gmt":"2025-04-03T08:03:53","slug":"rocznica-urodzin-gen-jozefa-bema","status":"publish","type":"post","link":"https:\/\/sp23.poznan.pl\/?p=2147","title":{"rendered":"Rocznica urodzin gen. J\u00f3zefa Bema"},"content":{"rendered":"\n<p>W marcu, w kolejn\u0105 rocznic\u0119 urodzin patrona naszej szko\u0142y &#8211; genera\u0142a J\u00f3zefa Bema, na lekcjach historii uczniowie od\u015bwie\u017cyli swoj\u0105 wiedz\u0119 na temat jego \u017cycia i bohaterskich walk o wolno\u015b\u0107, nie tylko Polak\u00f3w, ale tak\u017ce innych narod\u00f3w. Na korytarzach zawis\u0142y pi\u0119kne dekoracje upami\u0119tniaj\u0105ce t\u0119 wybitn\u0105 posta\u0107.<\/p>\n\n\n\n<figure class=\"wp-block-gallery has-nested-images columns-default is-cropped wp-block-gallery-1 is-layout-flex wp-block-gallery-is-layout-flex\">\n<figure class=\"wp-block-image size-large\"><img fetchpriority=\"high\" decoding=\"async\" width=\"1024\" height=\"768\" data-id=\"2152\" src=\"https:\/\/www.sp23.com.pl\/wp-content\/uploads\/2025\/04\/35fa88be-e1d8-4606-8337-2e3948b45d09-1024x768.jpg\" alt=\"Zdj\u0119cie przedstawiaj\u0105ce kart\u0119 pracy dotycz\u0105c\u0105 genera\u0142a J\u00f3zefa Bema\" class=\"wp-image-2152\" srcset=\"https:\/\/sp23.poznan.pl\/wp-content\/uploads\/2025\/04\/35fa88be-e1d8-4606-8337-2e3948b45d09-1024x768.jpg 1024w, https:\/\/sp23.poznan.pl\/wp-content\/uploads\/2025\/04\/35fa88be-e1d8-4606-8337-2e3948b45d09-300x225.jpg 300w, https:\/\/sp23.poznan.pl\/wp-content\/uploads\/2025\/04\/35fa88be-e1d8-4606-8337-2e3948b45d09-768x576.jpg 768w, https:\/\/sp23.poznan.pl\/wp-content\/uploads\/2025\/04\/35fa88be-e1d8-4606-8337-2e3948b45d09-1536x1152.jpg 1536w, https:\/\/sp23.poznan.pl\/wp-content\/uploads\/2025\/04\/35fa88be-e1d8-4606-8337-2e3948b45d09.jpg 2048w\" sizes=\"(max-width: 1024px) 100vw, 1024px\" \/><\/figure>\n\n\n\n<figure class=\"wp-block-image size-large\"><img decoding=\"async\" width=\"768\" height=\"1024\" data-id=\"2155\" src=\"https:\/\/www.sp23.com.pl\/wp-content\/uploads\/2025\/04\/1d413e9b-020a-4f8e-8883-47014148c52a-768x1024.jpg\" alt=\"Dzieci rozwiazuj\u0105ce kart\u0119 pracy\" class=\"wp-image-2155\" srcset=\"https:\/\/sp23.poznan.pl\/wp-content\/uploads\/2025\/04\/1d413e9b-020a-4f8e-8883-47014148c52a-768x1024.jpg 768w, https:\/\/sp23.poznan.pl\/wp-content\/uploads\/2025\/04\/1d413e9b-020a-4f8e-8883-47014148c52a-225x300.jpg 225w, https:\/\/sp23.poznan.pl\/wp-content\/uploads\/2025\/04\/1d413e9b-020a-4f8e-8883-47014148c52a-1152x1536.jpg 1152w, https:\/\/sp23.poznan.pl\/wp-content\/uploads\/2025\/04\/1d413e9b-020a-4f8e-8883-47014148c52a.jpg 1536w\" sizes=\"(max-width: 768px) 100vw, 768px\" \/><\/figure>\n\n\n\n<figure class=\"wp-block-image size-large\"><img decoding=\"async\" width=\"1024\" height=\"768\" data-id=\"2149\" src=\"https:\/\/www.sp23.com.pl\/wp-content\/uploads\/2025\/04\/bb20ef4a-9e6f-4bf2-8ffc-cf66bfff1716-1024x768.jpg\" alt=\"Dzieci ogl\u0105daj\u0105ce prezentacje na temat J\u00f3zefa Bema\" class=\"wp-image-2149\" srcset=\"https:\/\/sp23.poznan.pl\/wp-content\/uploads\/2025\/04\/bb20ef4a-9e6f-4bf2-8ffc-cf66bfff1716-1024x768.jpg 1024w, https:\/\/sp23.poznan.pl\/wp-content\/uploads\/2025\/04\/bb20ef4a-9e6f-4bf2-8ffc-cf66bfff1716-300x225.jpg 300w, https:\/\/sp23.poznan.pl\/wp-content\/uploads\/2025\/04\/bb20ef4a-9e6f-4bf2-8ffc-cf66bfff1716-768x576.jpg 768w, https:\/\/sp23.poznan.pl\/wp-content\/uploads\/2025\/04\/bb20ef4a-9e6f-4bf2-8ffc-cf66bfff1716-1536x1152.jpg 1536w, https:\/\/sp23.poznan.pl\/wp-content\/uploads\/2025\/04\/bb20ef4a-9e6f-4bf2-8ffc-cf66bfff1716.jpg 2048w\" sizes=\"(max-width: 1024px) 100vw, 1024px\" \/><\/figure>\n\n\n\n<figure class=\"wp-block-image size-large\"><img loading=\"lazy\" decoding=\"async\" width=\"1024\" height=\"768\" data-id=\"2150\" src=\"https:\/\/www.sp23.com.pl\/wp-content\/uploads\/2025\/04\/acd72206-48ba-496d-b55f-4c07caa66aff-1024x768.jpg\" alt=\"Klasa rozwi\u0105zuj\u0105ca kart\u0119 pracy\" class=\"wp-image-2150\" srcset=\"https:\/\/sp23.poznan.pl\/wp-content\/uploads\/2025\/04\/acd72206-48ba-496d-b55f-4c07caa66aff-1024x768.jpg 1024w, https:\/\/sp23.poznan.pl\/wp-content\/uploads\/2025\/04\/acd72206-48ba-496d-b55f-4c07caa66aff-300x225.jpg 300w, https:\/\/sp23.poznan.pl\/wp-content\/uploads\/2025\/04\/acd72206-48ba-496d-b55f-4c07caa66aff-768x576.jpg 768w, https:\/\/sp23.poznan.pl\/wp-content\/uploads\/2025\/04\/acd72206-48ba-496d-b55f-4c07caa66aff-1536x1152.jpg 1536w, https:\/\/sp23.poznan.pl\/wp-content\/uploads\/2025\/04\/acd72206-48ba-496d-b55f-4c07caa66aff.jpg 2048w\" sizes=\"(max-width: 1024px) 100vw, 1024px\" \/><\/figure>\n\n\n\n<figure class=\"wp-block-image size-large\"><img loading=\"lazy\" decoding=\"async\" width=\"1024\" height=\"768\" data-id=\"2151\" src=\"https:\/\/www.sp23.com.pl\/wp-content\/uploads\/2025\/04\/834937fe-ef0b-40aa-9b52-a773d0cf5253-1024x768.jpg\" alt=\"Gazetka przedtawiaj\u0105ca genera\u0142a J\u00f3zefa Bema\" class=\"wp-image-2151\" srcset=\"https:\/\/sp23.poznan.pl\/wp-content\/uploads\/2025\/04\/834937fe-ef0b-40aa-9b52-a773d0cf5253-1024x768.jpg 1024w, https:\/\/sp23.poznan.pl\/wp-content\/uploads\/2025\/04\/834937fe-ef0b-40aa-9b52-a773d0cf5253-300x225.jpg 300w, https:\/\/sp23.poznan.pl\/wp-content\/uploads\/2025\/04\/834937fe-ef0b-40aa-9b52-a773d0cf5253-768x576.jpg 768w, https:\/\/sp23.poznan.pl\/wp-content\/uploads\/2025\/04\/834937fe-ef0b-40aa-9b52-a773d0cf5253-1536x1152.jpg 1536w, https:\/\/sp23.poznan.pl\/wp-content\/uploads\/2025\/04\/834937fe-ef0b-40aa-9b52-a773d0cf5253.jpg 2048w\" sizes=\"(max-width: 1024px) 100vw, 1024px\" \/><\/figure>\n\n\n\n<figure class=\"wp-block-image size-large\"><img loading=\"lazy\" decoding=\"async\" width=\"1024\" height=\"768\" data-id=\"2154\" src=\"https:\/\/www.sp23.com.pl\/wp-content\/uploads\/2025\/04\/51d319d9-53d8-4f0b-b0ed-789b8ff6e848-1024x768.jpg\" alt=\"Karta pracy dotycz\u0105ca genera\u0142a J\u00f3zefa Bema\" class=\"wp-image-2154\" srcset=\"https:\/\/sp23.poznan.pl\/wp-content\/uploads\/2025\/04\/51d319d9-53d8-4f0b-b0ed-789b8ff6e848-1024x768.jpg 1024w, https:\/\/sp23.poznan.pl\/wp-content\/uploads\/2025\/04\/51d319d9-53d8-4f0b-b0ed-789b8ff6e848-300x225.jpg 300w, https:\/\/sp23.poznan.pl\/wp-content\/uploads\/2025\/04\/51d319d9-53d8-4f0b-b0ed-789b8ff6e848-768x576.jpg 768w, https:\/\/sp23.poznan.pl\/wp-content\/uploads\/2025\/04\/51d319d9-53d8-4f0b-b0ed-789b8ff6e848-1536x1152.jpg 1536w, https:\/\/sp23.poznan.pl\/wp-content\/uploads\/2025\/04\/51d319d9-53d8-4f0b-b0ed-789b8ff6e848.jpg 2048w\" sizes=\"(max-width: 1024px) 100vw, 1024px\" \/><\/figure>\n\n\n\n<figure class=\"wp-block-image size-large\"><img loading=\"lazy\" decoding=\"async\" width=\"1024\" height=\"768\" data-id=\"2153\" src=\"https:\/\/www.sp23.com.pl\/wp-content\/uploads\/2025\/04\/42df0c51-395e-4008-a0b2-f1ed79d3b995-1024x768.jpg\" alt=\"Klasa rozwi\u0105zuj\u0105ca kart\u0119 pracy\" class=\"wp-image-2153\" srcset=\"https:\/\/sp23.poznan.pl\/wp-content\/uploads\/2025\/04\/42df0c51-395e-4008-a0b2-f1ed79d3b995-1024x768.jpg 1024w, https:\/\/sp23.poznan.pl\/wp-content\/uploads\/2025\/04\/42df0c51-395e-4008-a0b2-f1ed79d3b995-300x225.jpg 300w, https:\/\/sp23.poznan.pl\/wp-content\/uploads\/2025\/04\/42df0c51-395e-4008-a0b2-f1ed79d3b995-768x576.jpg 768w, https:\/\/sp23.poznan.pl\/wp-content\/uploads\/2025\/04\/42df0c51-395e-4008-a0b2-f1ed79d3b995-1536x1152.jpg 1536w, https:\/\/sp23.poznan.pl\/wp-content\/uploads\/2025\/04\/42df0c51-395e-4008-a0b2-f1ed79d3b995.jpg 2048w\" sizes=\"(max-width: 1024px) 100vw, 1024px\" \/><\/figure>\n\n\n\n<figure class=\"wp-block-image size-large\"><img loading=\"lazy\" decoding=\"async\" width=\"1024\" height=\"768\" data-id=\"2148\" src=\"https:\/\/www.sp23.com.pl\/wp-content\/uploads\/2025\/04\/25f2c837-4721-4be0-9418-cd3145544e7e-1024x768.jpg\" alt=\"Prezentacja dotycz\u0105ca genera\u0142a J\u00f3zefa Bema\" class=\"wp-image-2148\" srcset=\"https:\/\/sp23.poznan.pl\/wp-content\/uploads\/2025\/04\/25f2c837-4721-4be0-9418-cd3145544e7e-1024x768.jpg 1024w, https:\/\/sp23.poznan.pl\/wp-content\/uploads\/2025\/04\/25f2c837-4721-4be0-9418-cd3145544e7e-300x225.jpg 300w, https:\/\/sp23.poznan.pl\/wp-content\/uploads\/2025\/04\/25f2c837-4721-4be0-9418-cd3145544e7e-768x576.jpg 768w, https:\/\/sp23.poznan.pl\/wp-content\/uploads\/2025\/04\/25f2c837-4721-4be0-9418-cd3145544e7e-1536x1152.jpg 1536w, https:\/\/sp23.poznan.pl\/wp-content\/uploads\/2025\/04\/25f2c837-4721-4be0-9418-cd3145544e7e.jpg 2048w\" sizes=\"(max-width: 1024px) 100vw, 1024px\" \/><\/figure>\n<\/figure>\n\n\n\n<p><\/p>\n","protected":false},"excerpt":{"rendered":"<p>W marcu, w kolejn\u0105 rocznic\u0119 urodzin patrona naszej szko\u0142y &#8211; genera\u0142a J\u00f3zefa Bema, na lekcjach historii uczniowie od\u015bwie\u017cyli swoj\u0105 wiedz\u0119 na temat jego \u017cycia i bohaterskich walk o wolno\u015b\u0107, nie tylko Polak\u00f3w, ale tak\u017ce innych narod\u00f3w. Na korytarzach zawis\u0142y pi\u0119kne dekoracje upami\u0119tniaj\u0105ce t\u0119 wybitn\u0105 posta\u0107.<\/p>\n","protected":false},"author":3,"featured_media":2151,"comment_status":"open","ping_status":"open","sticky":false,"template":"","format":"standard","meta":{"footnotes":""},"categories":[7,13],"tags":[],"class_list":["post-2147","post","type-post","status-publish","format-standard","has-post-thumbnail","hentry","category-aktualnosci","category-galeria"],"_links":{"self":[{"href":"https:\/\/sp23.poznan.pl\/index.php?rest_route=\/wp\/v2\/posts\/2147","targetHints":{"allow":["GET"]}}],"collection":[{"href":"https:\/\/sp23.poznan.pl\/index.php?rest_route=\/wp\/v2\/posts"}],"about":[{"href":"https:\/\/sp23.poznan.pl\/index.php?rest_route=\/wp\/v2\/types\/post"}],"author":[{"embeddable":true,"href":"https:\/\/sp23.poznan.pl\/index.php?rest_route=\/wp\/v2\/users\/3"}],"replies":[{"embeddable":true,"href":"https:\/\/sp23.poznan.pl\/index.php?rest_route=%2Fwp%2Fv2%2Fcomments&post=2147"}],"version-history":[{"count":1,"href":"https:\/\/sp23.poznan.pl\/index.php?rest_route=\/wp\/v2\/posts\/2147\/revisions"}],"predecessor-version":[{"id":2156,"href":"https:\/\/sp23.poznan.pl\/index.php?rest_route=\/wp\/v2\/posts\/2147\/revisions\/2156"}],"wp:featuredmedia":[{"embeddable":true,"href":"https:\/\/sp23.poznan.pl\/index.php?rest_route=\/wp\/v2\/media\/2151"}],"wp:attachment":[{"href":"https:\/\/sp23.poznan.pl\/index.php?rest_route=%2Fwp%2Fv2%2Fmedia&parent=2147"}],"wp:term":[{"taxonomy":"category","embeddable":true,"href":"https:\/\/sp23.poznan.pl\/index.php?rest_route=%2Fwp%2Fv2%2Fcategories&post=2147"},{"taxonomy":"post_tag","embeddable":true,"href":"https:\/\/sp23.poznan.pl\/index.php?rest_route=%2Fwp%2Fv2%2Ftags&post=2147"}],"curies":[{"name":"wp","href":"https:\/\/api.w.org\/{rel}","templated":true}]}}