{"id":2119,"date":"2025-03-03T10:31:41","date_gmt":"2025-03-03T09:31:41","guid":{"rendered":"https:\/\/www.sp23.com.pl\/?p=2119"},"modified":"2025-03-03T10:31:41","modified_gmt":"2025-03-03T09:31:41","slug":"e-lekcja-z-sedzia","status":"publish","type":"post","link":"https:\/\/sp23.poznan.pl\/?p=2119","title":{"rendered":"E-LEKCJA Z S\u0118DZI\u0104"},"content":{"rendered":"\n<p>Dnia 26 lutego klasy 7 i 8 uczestniczy\u0142y w e-lekcji z s\u0119dzi\u0105 S\u0105du Okr\u0119gowego \u00a0w Poznaniu. Lekcja zatytu\u0142owana by\u0142a: \u201eHejt, trolling i memy &#8211; o naruszeniu d\u00f3br osobistych w Internecie z perspektywy prawa cywilnego i karnego\u201d. Uczniowie poznali zasady bezpiecze\u0144stwa w sieci oraz regu\u0142y zamieszczania tre\u015bci dotycz\u0105cych innych os\u00f3b na forach i w mediach spo\u0142eczno\u015bciowych. Spotkanie to z pewno\u015bci\u0105 pomo\u017ce im w przysz\u0142o\u015bci chroni\u0107 swoje bezpiecze\u0144stwo i godno\u015b\u0107 w przestrzeni wirtualnej.<\/p>\n\n\n\n<figure class=\"wp-block-image aligncenter size-full\"><img fetchpriority=\"high\" decoding=\"async\" width=\"622\" height=\"466\" src=\"https:\/\/www.sp23.com.pl\/wp-content\/uploads\/2025\/03\/Sedzia.jpg\" alt=\"Obraz zawieraj\u0105cy w pomieszczeniu, krzes\u0142o, meble, \u015bciany, tablica interaktywna na kt\u00f3rej wida\u0107 posta\u0107 m\u0119\u017cczyzny\" class=\"wp-image-2120\" srcset=\"https:\/\/sp23.poznan.pl\/wp-content\/uploads\/2025\/03\/Sedzia.jpg 622w, https:\/\/sp23.poznan.pl\/wp-content\/uploads\/2025\/03\/Sedzia-300x225.jpg 300w\" sizes=\"(max-width: 622px) 100vw, 622px\" \/><\/figure>\n","protected":false},"excerpt":{"rendered":"<p>Dnia 26 lutego klasy 7 i 8 uczestniczy\u0142y w e-lekcji z s\u0119dzi\u0105 S\u0105du Okr\u0119gowego \u00a0w Poznaniu. Lekcja zatytu\u0142owana by\u0142a: \u201eHejt, trolling i memy &#8211; o naruszeniu d\u00f3br osobistych w Internecie z perspektywy prawa cywilnego i karnego\u201d. Uczniowie poznali zasady bezpiecze\u0144stwa w sieci oraz regu\u0142y zamieszczania tre\u015bci dotycz\u0105cych innych os\u00f3b na forach i w mediach spo\u0142eczno\u015bciowych. [&hellip;]<\/p>\n","protected":false},"author":3,"featured_media":2120,"comment_status":"open","ping_status":"open","sticky":false,"template":"","format":"standard","meta":{"footnotes":""},"categories":[7,13],"tags":[],"class_list":["post-2119","post","type-post","status-publish","format-standard","has-post-thumbnail","hentry","category-aktualnosci","category-galeria"],"_links":{"self":[{"href":"https:\/\/sp23.poznan.pl\/index.php?rest_route=\/wp\/v2\/posts\/2119","targetHints":{"allow":["GET"]}}],"collection":[{"href":"https:\/\/sp23.poznan.pl\/index.php?rest_route=\/wp\/v2\/posts"}],"about":[{"href":"https:\/\/sp23.poznan.pl\/index.php?rest_route=\/wp\/v2\/types\/post"}],"author":[{"embeddable":true,"href":"https:\/\/sp23.poznan.pl\/index.php?rest_route=\/wp\/v2\/users\/3"}],"replies":[{"embeddable":true,"href":"https:\/\/sp23.poznan.pl\/index.php?rest_route=%2Fwp%2Fv2%2Fcomments&post=2119"}],"version-history":[{"count":1,"href":"https:\/\/sp23.poznan.pl\/index.php?rest_route=\/wp\/v2\/posts\/2119\/revisions"}],"predecessor-version":[{"id":2121,"href":"https:\/\/sp23.poznan.pl\/index.php?rest_route=\/wp\/v2\/posts\/2119\/revisions\/2121"}],"wp:featuredmedia":[{"embeddable":true,"href":"https:\/\/sp23.poznan.pl\/index.php?rest_route=\/wp\/v2\/media\/2120"}],"wp:attachment":[{"href":"https:\/\/sp23.poznan.pl\/index.php?rest_route=%2Fwp%2Fv2%2Fmedia&parent=2119"}],"wp:term":[{"taxonomy":"category","embeddable":true,"href":"https:\/\/sp23.poznan.pl\/index.php?rest_route=%2Fwp%2Fv2%2Fcategories&post=2119"},{"taxonomy":"post_tag","embeddable":true,"href":"https:\/\/sp23.poznan.pl\/index.php?rest_route=%2Fwp%2Fv2%2Ftags&post=2119"}],"curies":[{"name":"wp","href":"https:\/\/api.w.org\/{rel}","templated":true}]}}