{"id":2108,"date":"2025-02-26T10:04:00","date_gmt":"2025-02-26T09:04:00","guid":{"rendered":"https:\/\/www.sp23.com.pl\/?p=2108"},"modified":"2025-02-26T10:04:00","modified_gmt":"2025-02-26T09:04:00","slug":"mediacje","status":"publish","type":"post","link":"https:\/\/sp23.poznan.pl\/?p=2108","title":{"rendered":"Mediacje"},"content":{"rendered":"\n<p>25 lutego klasa 5a wzi\u0119\u0142a udzia\u0142 w bardzo wa\u017cnych warsztatach po\u015bwi\u0119conych mediacji. Te niezwykle tw\u00f3rcze zaj\u0119cia zosta\u0142y przeprowadzone przez Pana Marcelego Kwa\u015bniewskiego z Pozna\u0144skiego Centrum Mediacji. Dzi\u0119ki warsztatom uczniowie mieli okazj\u0119 dowiedzie\u0107 si\u0119, jak radzi\u0107 sobie z konfliktami, pozna\u0107 rol\u0119 mediatora oraz wcieli\u0107 si\u0119 w jego rol\u0119.<\/p>\n\n\n\n<figure class=\"wp-block-gallery has-nested-images columns-default is-cropped wp-block-gallery-1 is-layout-flex wp-block-gallery-is-layout-flex\">\n<figure class=\"wp-block-image size-large\"><img fetchpriority=\"high\" decoding=\"async\" width=\"1024\" height=\"768\" data-id=\"2109\" src=\"https:\/\/www.sp23.com.pl\/wp-content\/uploads\/2025\/02\/09cf800d-20c7-4594-898c-6c630dd8b0e8-1024x768.jpg\" alt=\"Uczniowie siedz\u0105cy w \u0142awkach\" class=\"wp-image-2109\" srcset=\"https:\/\/sp23.poznan.pl\/wp-content\/uploads\/2025\/02\/09cf800d-20c7-4594-898c-6c630dd8b0e8-1024x768.jpg 1024w, https:\/\/sp23.poznan.pl\/wp-content\/uploads\/2025\/02\/09cf800d-20c7-4594-898c-6c630dd8b0e8-300x225.jpg 300w, https:\/\/sp23.poznan.pl\/wp-content\/uploads\/2025\/02\/09cf800d-20c7-4594-898c-6c630dd8b0e8-768x576.jpg 768w, https:\/\/sp23.poznan.pl\/wp-content\/uploads\/2025\/02\/09cf800d-20c7-4594-898c-6c630dd8b0e8-1536x1152.jpg 1536w, https:\/\/sp23.poznan.pl\/wp-content\/uploads\/2025\/02\/09cf800d-20c7-4594-898c-6c630dd8b0e8.jpg 2048w\" sizes=\"(max-width: 1024px) 100vw, 1024px\" \/><\/figure>\n\n\n\n<figure class=\"wp-block-image size-large\"><img decoding=\"async\" width=\"768\" height=\"1024\" data-id=\"2114\" src=\"https:\/\/www.sp23.com.pl\/wp-content\/uploads\/2025\/02\/84f27c5b-9fe7-4e37-bf64-c3ed23cdcc90-768x1024.jpg\" alt=\"Uczniowie siedz\u0105cy w \u0142awkach\ns\u0142uchaj\u0105cych wyk\u0142adu\" class=\"wp-image-2114\" srcset=\"https:\/\/sp23.poznan.pl\/wp-content\/uploads\/2025\/02\/84f27c5b-9fe7-4e37-bf64-c3ed23cdcc90-768x1024.jpg 768w, https:\/\/sp23.poznan.pl\/wp-content\/uploads\/2025\/02\/84f27c5b-9fe7-4e37-bf64-c3ed23cdcc90-225x300.jpg 225w, https:\/\/sp23.poznan.pl\/wp-content\/uploads\/2025\/02\/84f27c5b-9fe7-4e37-bf64-c3ed23cdcc90-1152x1536.jpg 1152w, https:\/\/sp23.poznan.pl\/wp-content\/uploads\/2025\/02\/84f27c5b-9fe7-4e37-bf64-c3ed23cdcc90.jpg 1536w\" sizes=\"(max-width: 768px) 100vw, 768px\" \/><\/figure>\n\n\n\n<figure class=\"wp-block-image size-large\"><img decoding=\"async\" width=\"1024\" height=\"768\" data-id=\"2115\" src=\"https:\/\/www.sp23.com.pl\/wp-content\/uploads\/2025\/02\/92905e35-28a1-4f45-b69b-d993bc219582-1024x768.jpg\" alt=\"Uczniowie siedz\u0105cy w \u0142awkach\" class=\"wp-image-2115\" srcset=\"https:\/\/sp23.poznan.pl\/wp-content\/uploads\/2025\/02\/92905e35-28a1-4f45-b69b-d993bc219582-1024x768.jpg 1024w, https:\/\/sp23.poznan.pl\/wp-content\/uploads\/2025\/02\/92905e35-28a1-4f45-b69b-d993bc219582-300x225.jpg 300w, https:\/\/sp23.poznan.pl\/wp-content\/uploads\/2025\/02\/92905e35-28a1-4f45-b69b-d993bc219582-768x576.jpg 768w, https:\/\/sp23.poznan.pl\/wp-content\/uploads\/2025\/02\/92905e35-28a1-4f45-b69b-d993bc219582-1536x1152.jpg 1536w, https:\/\/sp23.poznan.pl\/wp-content\/uploads\/2025\/02\/92905e35-28a1-4f45-b69b-d993bc219582.jpg 2048w\" sizes=\"(max-width: 1024px) 100vw, 1024px\" \/><\/figure>\n\n\n\n<figure class=\"wp-block-image size-large\"><img loading=\"lazy\" decoding=\"async\" width=\"1024\" height=\"768\" data-id=\"2112\" src=\"https:\/\/www.sp23.com.pl\/wp-content\/uploads\/2025\/02\/acfb58b9-a474-4b4e-8bd5-8da991402a63-1024x768.jpg\" alt=\"Uczniowie siedz\u0105cy w \u0142awkach\" class=\"wp-image-2112\" srcset=\"https:\/\/sp23.poznan.pl\/wp-content\/uploads\/2025\/02\/acfb58b9-a474-4b4e-8bd5-8da991402a63-1024x768.jpg 1024w, https:\/\/sp23.poznan.pl\/wp-content\/uploads\/2025\/02\/acfb58b9-a474-4b4e-8bd5-8da991402a63-300x225.jpg 300w, https:\/\/sp23.poznan.pl\/wp-content\/uploads\/2025\/02\/acfb58b9-a474-4b4e-8bd5-8da991402a63-768x576.jpg 768w, https:\/\/sp23.poznan.pl\/wp-content\/uploads\/2025\/02\/acfb58b9-a474-4b4e-8bd5-8da991402a63-1536x1152.jpg 1536w, https:\/\/sp23.poznan.pl\/wp-content\/uploads\/2025\/02\/acfb58b9-a474-4b4e-8bd5-8da991402a63.jpg 2048w\" sizes=\"(max-width: 1024px) 100vw, 1024px\" \/><\/figure>\n\n\n\n<figure class=\"wp-block-image size-large\"><img loading=\"lazy\" decoding=\"async\" width=\"1024\" height=\"768\" data-id=\"2113\" src=\"https:\/\/www.sp23.com.pl\/wp-content\/uploads\/2025\/02\/b15cf8ef-e8fb-41eb-90cd-d21f76e1b91f-1024x768.jpg\" alt=\"Uczniowie siedz\u0105cy w \u0142awkach\" class=\"wp-image-2113\" srcset=\"https:\/\/sp23.poznan.pl\/wp-content\/uploads\/2025\/02\/b15cf8ef-e8fb-41eb-90cd-d21f76e1b91f-1024x768.jpg 1024w, https:\/\/sp23.poznan.pl\/wp-content\/uploads\/2025\/02\/b15cf8ef-e8fb-41eb-90cd-d21f76e1b91f-300x225.jpg 300w, https:\/\/sp23.poznan.pl\/wp-content\/uploads\/2025\/02\/b15cf8ef-e8fb-41eb-90cd-d21f76e1b91f-768x576.jpg 768w, https:\/\/sp23.poznan.pl\/wp-content\/uploads\/2025\/02\/b15cf8ef-e8fb-41eb-90cd-d21f76e1b91f-1536x1152.jpg 1536w, https:\/\/sp23.poznan.pl\/wp-content\/uploads\/2025\/02\/b15cf8ef-e8fb-41eb-90cd-d21f76e1b91f.jpg 2048w\" sizes=\"(max-width: 1024px) 100vw, 1024px\" \/><\/figure>\n\n\n\n<figure class=\"wp-block-image size-large\"><img loading=\"lazy\" decoding=\"async\" width=\"1024\" height=\"768\" data-id=\"2110\" src=\"https:\/\/www.sp23.com.pl\/wp-content\/uploads\/2025\/02\/c53763fe-0d69-4fa0-b390-dd8c0cfed661-1024x768.jpg\" alt=\"Uczniowie siedz\u0105cy w \u0142awkach\" class=\"wp-image-2110\" srcset=\"https:\/\/sp23.poznan.pl\/wp-content\/uploads\/2025\/02\/c53763fe-0d69-4fa0-b390-dd8c0cfed661-1024x768.jpg 1024w, https:\/\/sp23.poznan.pl\/wp-content\/uploads\/2025\/02\/c53763fe-0d69-4fa0-b390-dd8c0cfed661-300x225.jpg 300w, https:\/\/sp23.poznan.pl\/wp-content\/uploads\/2025\/02\/c53763fe-0d69-4fa0-b390-dd8c0cfed661-768x576.jpg 768w, https:\/\/sp23.poznan.pl\/wp-content\/uploads\/2025\/02\/c53763fe-0d69-4fa0-b390-dd8c0cfed661-1536x1152.jpg 1536w, https:\/\/sp23.poznan.pl\/wp-content\/uploads\/2025\/02\/c53763fe-0d69-4fa0-b390-dd8c0cfed661.jpg 2048w\" sizes=\"(max-width: 1024px) 100vw, 1024px\" \/><\/figure>\n\n\n\n<figure class=\"wp-block-image size-large\"><img loading=\"lazy\" decoding=\"async\" width=\"1024\" height=\"768\" data-id=\"2111\" src=\"https:\/\/www.sp23.com.pl\/wp-content\/uploads\/2025\/02\/d970f841-66d3-457f-89a5-67cb98ad8ea9-1024x768.jpg\" alt=\"Uczniowie siedz\u0105cy w \u0142awkach\" class=\"wp-image-2111\" srcset=\"https:\/\/sp23.poznan.pl\/wp-content\/uploads\/2025\/02\/d970f841-66d3-457f-89a5-67cb98ad8ea9-1024x768.jpg 1024w, https:\/\/sp23.poznan.pl\/wp-content\/uploads\/2025\/02\/d970f841-66d3-457f-89a5-67cb98ad8ea9-300x225.jpg 300w, https:\/\/sp23.poznan.pl\/wp-content\/uploads\/2025\/02\/d970f841-66d3-457f-89a5-67cb98ad8ea9-768x576.jpg 768w, https:\/\/sp23.poznan.pl\/wp-content\/uploads\/2025\/02\/d970f841-66d3-457f-89a5-67cb98ad8ea9-1536x1152.jpg 1536w, https:\/\/sp23.poznan.pl\/wp-content\/uploads\/2025\/02\/d970f841-66d3-457f-89a5-67cb98ad8ea9.jpg 2048w\" sizes=\"(max-width: 1024px) 100vw, 1024px\" \/><\/figure>\n<\/figure>\n","protected":false},"excerpt":{"rendered":"<p>25 lutego klasa 5a wzi\u0119\u0142a udzia\u0142 w bardzo wa\u017cnych warsztatach po\u015bwi\u0119conych mediacji. Te niezwykle tw\u00f3rcze zaj\u0119cia zosta\u0142y przeprowadzone przez Pana Marcelego Kwa\u015bniewskiego z Pozna\u0144skiego Centrum Mediacji. Dzi\u0119ki warsztatom uczniowie mieli okazj\u0119 dowiedzie\u0107 si\u0119, jak radzi\u0107 sobie z konfliktami, pozna\u0107 rol\u0119 mediatora oraz wcieli\u0107 si\u0119 w jego rol\u0119.<\/p>\n","protected":false},"author":3,"featured_media":2114,"comment_status":"open","ping_status":"open","sticky":false,"template":"","format":"standard","meta":{"footnotes":""},"categories":[7,13],"tags":[],"class_list":["post-2108","post","type-post","status-publish","format-standard","has-post-thumbnail","hentry","category-aktualnosci","category-galeria"],"_links":{"self":[{"href":"https:\/\/sp23.poznan.pl\/index.php?rest_route=\/wp\/v2\/posts\/2108","targetHints":{"allow":["GET"]}}],"collection":[{"href":"https:\/\/sp23.poznan.pl\/index.php?rest_route=\/wp\/v2\/posts"}],"about":[{"href":"https:\/\/sp23.poznan.pl\/index.php?rest_route=\/wp\/v2\/types\/post"}],"author":[{"embeddable":true,"href":"https:\/\/sp23.poznan.pl\/index.php?rest_route=\/wp\/v2\/users\/3"}],"replies":[{"embeddable":true,"href":"https:\/\/sp23.poznan.pl\/index.php?rest_route=%2Fwp%2Fv2%2Fcomments&post=2108"}],"version-history":[{"count":1,"href":"https:\/\/sp23.poznan.pl\/index.php?rest_route=\/wp\/v2\/posts\/2108\/revisions"}],"predecessor-version":[{"id":2116,"href":"https:\/\/sp23.poznan.pl\/index.php?rest_route=\/wp\/v2\/posts\/2108\/revisions\/2116"}],"wp:featuredmedia":[{"embeddable":true,"href":"https:\/\/sp23.poznan.pl\/index.php?rest_route=\/wp\/v2\/media\/2114"}],"wp:attachment":[{"href":"https:\/\/sp23.poznan.pl\/index.php?rest_route=%2Fwp%2Fv2%2Fmedia&parent=2108"}],"wp:term":[{"taxonomy":"category","embeddable":true,"href":"https:\/\/sp23.poznan.pl\/index.php?rest_route=%2Fwp%2Fv2%2Fcategories&post=2108"},{"taxonomy":"post_tag","embeddable":true,"href":"https:\/\/sp23.poznan.pl\/index.php?rest_route=%2Fwp%2Fv2%2Ftags&post=2108"}],"curies":[{"name":"wp","href":"https:\/\/api.w.org\/{rel}","templated":true}]}}