{"id":2091,"date":"2025-02-21T12:09:10","date_gmt":"2025-02-21T11:09:10","guid":{"rendered":"https:\/\/www.sp23.com.pl\/?p=2091"},"modified":"2025-02-21T12:10:17","modified_gmt":"2025-02-21T11:10:17","slug":"warsztaty-z-pierwszej-pomocy","status":"publish","type":"post","link":"https:\/\/sp23.poznan.pl\/?p=2091","title":{"rendered":"Warsztaty z Pierwszej Pomocy"},"content":{"rendered":"\n<p>We wtorek 18.02.2025 r. w naszej szkole w ramach projektu &#8222;Cenne \u017cycie&#8221; odby\u0142y si\u0119 warsztaty dotycz\u0105ce udzielania pierwszej pomocy. Szkolenie zosta\u0142o przeprowadzone zgodnie z aktualnym stanem wiedzy medycznej przez ratownika medycznego Pana Wiktora Herwicha\u00a0z Polskiej Grupy Ratownictwa Medycznego. Podczas szkolenia uczniowie mieli okazj\u0119 pozna\u0107 zasady resuscytacji kr\u0105\u017ceniowo-oddechowej, a nast\u0119pnie prze\u0107wiczy\u0107 j\u0105 na profesjonalnym sprz\u0119cie. Wiedza i podstawowe umiej\u0119tno\u015bci, kt\u00f3re zdobyli uczniowie s\u0105 niezwykle cenn\u0105 warto\u015bci\u0105, kt\u00f3ra mo\u017ce uratowa\u0107 ludzkie \u017cycie.<\/p>\n\n\n\n<figure class=\"wp-block-gallery has-nested-images columns-default is-cropped wp-block-gallery-1 is-layout-flex wp-block-gallery-is-layout-flex\">\n<figure class=\"wp-block-image size-large\"><img fetchpriority=\"high\" decoding=\"async\" width=\"1024\" height=\"768\" data-id=\"2092\" src=\"https:\/\/www.sp23.com.pl\/wp-content\/uploads\/2025\/02\/6b944453-3719-40a6-bf68-8690c7fd6f71-1024x768.jpg\" alt=\"Obraz zawieraj\u0105cy tekst, komputer, zrzut ekranu, multimedia\" class=\"wp-image-2092\" srcset=\"https:\/\/sp23.poznan.pl\/wp-content\/uploads\/2025\/02\/6b944453-3719-40a6-bf68-8690c7fd6f71-1024x768.jpg 1024w, https:\/\/sp23.poznan.pl\/wp-content\/uploads\/2025\/02\/6b944453-3719-40a6-bf68-8690c7fd6f71-300x225.jpg 300w, https:\/\/sp23.poznan.pl\/wp-content\/uploads\/2025\/02\/6b944453-3719-40a6-bf68-8690c7fd6f71-768x576.jpg 768w, https:\/\/sp23.poznan.pl\/wp-content\/uploads\/2025\/02\/6b944453-3719-40a6-bf68-8690c7fd6f71-1536x1152.jpg 1536w, https:\/\/sp23.poznan.pl\/wp-content\/uploads\/2025\/02\/6b944453-3719-40a6-bf68-8690c7fd6f71.jpg 2048w\" sizes=\"(max-width: 1024px) 100vw, 1024px\" \/><\/figure>\n\n\n\n<figure class=\"wp-block-image size-large\"><img decoding=\"async\" width=\"1024\" height=\"768\" data-id=\"2094\" src=\"https:\/\/www.sp23.com.pl\/wp-content\/uploads\/2025\/02\/6f7b9816-18c3-402a-a04a-59586ce94b1b-1024x768.jpg\" alt=\"Obraz zawieraj\u0105cy w pomieszczeniu, fantomy le\u017c\u0105ce na pod\u0142odze\" class=\"wp-image-2094\" srcset=\"https:\/\/sp23.poznan.pl\/wp-content\/uploads\/2025\/02\/6f7b9816-18c3-402a-a04a-59586ce94b1b-1024x768.jpg 1024w, https:\/\/sp23.poznan.pl\/wp-content\/uploads\/2025\/02\/6f7b9816-18c3-402a-a04a-59586ce94b1b-300x225.jpg 300w, https:\/\/sp23.poznan.pl\/wp-content\/uploads\/2025\/02\/6f7b9816-18c3-402a-a04a-59586ce94b1b-768x576.jpg 768w, https:\/\/sp23.poznan.pl\/wp-content\/uploads\/2025\/02\/6f7b9816-18c3-402a-a04a-59586ce94b1b-1536x1152.jpg 1536w, https:\/\/sp23.poznan.pl\/wp-content\/uploads\/2025\/02\/6f7b9816-18c3-402a-a04a-59586ce94b1b.jpg 2048w\" sizes=\"(max-width: 1024px) 100vw, 1024px\" \/><\/figure>\n\n\n\n<figure class=\"wp-block-image size-large\"><img decoding=\"async\" width=\"1024\" height=\"768\" data-id=\"2096\" src=\"https:\/\/www.sp23.com.pl\/wp-content\/uploads\/2025\/02\/8baffe43-779e-47a2-9320-77dfcb908d69-1024x768.jpg\" alt=\"Obraz zawieraj\u0105cy w pomieszczeniu, fantomy le\u017c\u0105ce na pod\u0142odze, uczniowie ucz\u0105 si\u0119 RKO\" class=\"wp-image-2096\" srcset=\"https:\/\/sp23.poznan.pl\/wp-content\/uploads\/2025\/02\/8baffe43-779e-47a2-9320-77dfcb908d69-1024x768.jpg 1024w, https:\/\/sp23.poznan.pl\/wp-content\/uploads\/2025\/02\/8baffe43-779e-47a2-9320-77dfcb908d69-300x225.jpg 300w, https:\/\/sp23.poznan.pl\/wp-content\/uploads\/2025\/02\/8baffe43-779e-47a2-9320-77dfcb908d69-768x576.jpg 768w, https:\/\/sp23.poznan.pl\/wp-content\/uploads\/2025\/02\/8baffe43-779e-47a2-9320-77dfcb908d69-1536x1152.jpg 1536w, https:\/\/sp23.poznan.pl\/wp-content\/uploads\/2025\/02\/8baffe43-779e-47a2-9320-77dfcb908d69.jpg 2048w\" sizes=\"(max-width: 1024px) 100vw, 1024px\" \/><\/figure>\n\n\n\n<figure class=\"wp-block-image size-large\"><img loading=\"lazy\" decoding=\"async\" width=\"1024\" height=\"768\" data-id=\"2093\" src=\"https:\/\/www.sp23.com.pl\/wp-content\/uploads\/2025\/02\/84e69e4f-e461-48e5-a00a-4b3b57ce046b-1024x768.jpg\" alt=\"Obraz zawieraj\u0105cy w pomieszczeniu, fantomy le\u017c\u0105ce na pod\u0142odze, uczniowie ucz\u0105 si\u0119 RKO\" class=\"wp-image-2093\" srcset=\"https:\/\/sp23.poznan.pl\/wp-content\/uploads\/2025\/02\/84e69e4f-e461-48e5-a00a-4b3b57ce046b-1024x768.jpg 1024w, https:\/\/sp23.poznan.pl\/wp-content\/uploads\/2025\/02\/84e69e4f-e461-48e5-a00a-4b3b57ce046b-300x225.jpg 300w, https:\/\/sp23.poznan.pl\/wp-content\/uploads\/2025\/02\/84e69e4f-e461-48e5-a00a-4b3b57ce046b-768x576.jpg 768w, https:\/\/sp23.poznan.pl\/wp-content\/uploads\/2025\/02\/84e69e4f-e461-48e5-a00a-4b3b57ce046b-1536x1152.jpg 1536w, https:\/\/sp23.poznan.pl\/wp-content\/uploads\/2025\/02\/84e69e4f-e461-48e5-a00a-4b3b57ce046b.jpg 2048w\" sizes=\"(max-width: 1024px) 100vw, 1024px\" \/><\/figure>\n\n\n\n<figure class=\"wp-block-image size-large\"><img loading=\"lazy\" decoding=\"async\" width=\"1024\" height=\"768\" data-id=\"2095\" src=\"https:\/\/www.sp23.com.pl\/wp-content\/uploads\/2025\/02\/184c1f12-0a70-4d59-8801-785e158aae0e-1024x768.jpg\" alt=\"Obraz zawieraj\u0105cy w pomieszczeniu, fantomy le\u017c\u0105ce na pod\u0142odze, uczniowie ucz\u0105 si\u0119 RKO\" class=\"wp-image-2095\" srcset=\"https:\/\/sp23.poznan.pl\/wp-content\/uploads\/2025\/02\/184c1f12-0a70-4d59-8801-785e158aae0e-1024x768.jpg 1024w, https:\/\/sp23.poznan.pl\/wp-content\/uploads\/2025\/02\/184c1f12-0a70-4d59-8801-785e158aae0e-300x225.jpg 300w, https:\/\/sp23.poznan.pl\/wp-content\/uploads\/2025\/02\/184c1f12-0a70-4d59-8801-785e158aae0e-768x576.jpg 768w, https:\/\/sp23.poznan.pl\/wp-content\/uploads\/2025\/02\/184c1f12-0a70-4d59-8801-785e158aae0e-1536x1152.jpg 1536w, https:\/\/sp23.poznan.pl\/wp-content\/uploads\/2025\/02\/184c1f12-0a70-4d59-8801-785e158aae0e.jpg 2048w\" sizes=\"(max-width: 1024px) 100vw, 1024px\" \/><\/figure>\n<\/figure>\n","protected":false},"excerpt":{"rendered":"<p>We wtorek 18.02.2025 r. w naszej szkole w ramach projektu &#8222;Cenne \u017cycie&#8221; odby\u0142y si\u0119 warsztaty dotycz\u0105ce udzielania pierwszej pomocy. Szkolenie zosta\u0142o przeprowadzone zgodnie z aktualnym stanem wiedzy medycznej przez ratownika medycznego Pana Wiktora Herwicha\u00a0z Polskiej Grupy Ratownictwa Medycznego. Podczas szkolenia uczniowie mieli okazj\u0119 pozna\u0107 zasady resuscytacji kr\u0105\u017ceniowo-oddechowej, a nast\u0119pnie prze\u0107wiczy\u0107 j\u0105 na profesjonalnym sprz\u0119cie. Wiedza [&hellip;]<\/p>\n","protected":false},"author":3,"featured_media":2096,"comment_status":"open","ping_status":"open","sticky":false,"template":"","format":"standard","meta":{"footnotes":""},"categories":[7,13],"tags":[],"class_list":["post-2091","post","type-post","status-publish","format-standard","has-post-thumbnail","hentry","category-aktualnosci","category-galeria"],"_links":{"self":[{"href":"https:\/\/sp23.poznan.pl\/index.php?rest_route=\/wp\/v2\/posts\/2091","targetHints":{"allow":["GET"]}}],"collection":[{"href":"https:\/\/sp23.poznan.pl\/index.php?rest_route=\/wp\/v2\/posts"}],"about":[{"href":"https:\/\/sp23.poznan.pl\/index.php?rest_route=\/wp\/v2\/types\/post"}],"author":[{"embeddable":true,"href":"https:\/\/sp23.poznan.pl\/index.php?rest_route=\/wp\/v2\/users\/3"}],"replies":[{"embeddable":true,"href":"https:\/\/sp23.poznan.pl\/index.php?rest_route=%2Fwp%2Fv2%2Fcomments&post=2091"}],"version-history":[{"count":1,"href":"https:\/\/sp23.poznan.pl\/index.php?rest_route=\/wp\/v2\/posts\/2091\/revisions"}],"predecessor-version":[{"id":2097,"href":"https:\/\/sp23.poznan.pl\/index.php?rest_route=\/wp\/v2\/posts\/2091\/revisions\/2097"}],"wp:featuredmedia":[{"embeddable":true,"href":"https:\/\/sp23.poznan.pl\/index.php?rest_route=\/wp\/v2\/media\/2096"}],"wp:attachment":[{"href":"https:\/\/sp23.poznan.pl\/index.php?rest_route=%2Fwp%2Fv2%2Fmedia&parent=2091"}],"wp:term":[{"taxonomy":"category","embeddable":true,"href":"https:\/\/sp23.poznan.pl\/index.php?rest_route=%2Fwp%2Fv2%2Fcategories&post=2091"},{"taxonomy":"post_tag","embeddable":true,"href":"https:\/\/sp23.poznan.pl\/index.php?rest_route=%2Fwp%2Fv2%2Ftags&post=2091"}],"curies":[{"name":"wp","href":"https:\/\/api.w.org\/{rel}","templated":true}]}}