{"id":2019,"date":"2024-11-11T10:21:00","date_gmt":"2024-11-11T09:21:00","guid":{"rendered":"https:\/\/www.sp23.com.pl\/?p=2019"},"modified":"2024-11-12T10:25:33","modified_gmt":"2024-11-12T09:25:33","slug":"swieto-niepodleglosci","status":"publish","type":"post","link":"https:\/\/sp23.poznan.pl\/?p=2019","title":{"rendered":"\u015awi\u0119to Niepodleg\u0142o\u015bci"},"content":{"rendered":"\n<p>8 listopada w naszej szkole odby\u0142 si\u0119 uroczysty apel upami\u0119tniaj\u0105cy 106 rocznic\u0119 odzyskania przez Polsk\u0119 niepodleg\u0142o\u015bci. Czym jest niepodleg\u0142o\u015b\u0107 i jak trudno by\u0142o Polakom j\u0105 wywalczy\u0107, przypomnieli nam uczniowie recytuj\u0105cy wiersze oraz ch\u00f3r szkolny \u201cMozaika\u201d, kt\u00f3ry za\u015bpiewa\u0142 wzruszaj\u0105ce pie\u015bni patriotyczne. Zwie\u0144czeniem apelu by\u0142 wyst\u0119p taneczny dziewczynek z bia\u0142o-czerwonymi wst\u0105\u017ckami.<\/p>\n\n\n\n<p>Dzi\u0119kujemy wszystkim wyst\u0119puj\u0105cym uczniom, nauczycielom odpowiedzialnym za przygotowanie apelu, a tak\u017ce opraw\u0119 muzyczn\u0105. Du\u017ce podzi\u0119kowania dla tych, kt\u00f3rzy przygotowali dekoracje na terenie szko\u0142y.<\/p>\n\n\n\n<figure class=\"wp-block-gallery has-nested-images columns-default is-cropped wp-block-gallery-1 is-layout-flex wp-block-gallery-is-layout-flex\">\n<figure class=\"wp-block-image size-large\"><img fetchpriority=\"high\" decoding=\"async\" width=\"1024\" height=\"768\" data-id=\"2022\" src=\"https:\/\/www.sp23.com.pl\/wp-content\/uploads\/2024\/11\/462546957_7827495674020209_3865277617623638584_n-1024x768.jpg\" alt=\"\" class=\"wp-image-2022\" srcset=\"https:\/\/sp23.poznan.pl\/wp-content\/uploads\/2024\/11\/462546957_7827495674020209_3865277617623638584_n-1024x768.jpg 1024w, https:\/\/sp23.poznan.pl\/wp-content\/uploads\/2024\/11\/462546957_7827495674020209_3865277617623638584_n-300x225.jpg 300w, https:\/\/sp23.poznan.pl\/wp-content\/uploads\/2024\/11\/462546957_7827495674020209_3865277617623638584_n-768x576.jpg 768w, https:\/\/sp23.poznan.pl\/wp-content\/uploads\/2024\/11\/462546957_7827495674020209_3865277617623638584_n-1536x1152.jpg 1536w, https:\/\/sp23.poznan.pl\/wp-content\/uploads\/2024\/11\/462546957_7827495674020209_3865277617623638584_n.jpg 2000w\" sizes=\"(max-width: 1024px) 100vw, 1024px\" \/><\/figure>\n\n\n\n<figure class=\"wp-block-image size-large\"><img decoding=\"async\" width=\"1024\" height=\"768\" data-id=\"2021\" src=\"https:\/\/www.sp23.com.pl\/wp-content\/uploads\/2024\/11\/462648882_1738290940254746_1584601517503342090_n-1024x768.jpg\" alt=\"\" class=\"wp-image-2021\" srcset=\"https:\/\/sp23.poznan.pl\/wp-content\/uploads\/2024\/11\/462648882_1738290940254746_1584601517503342090_n-1024x768.jpg 1024w, https:\/\/sp23.poznan.pl\/wp-content\/uploads\/2024\/11\/462648882_1738290940254746_1584601517503342090_n-300x225.jpg 300w, https:\/\/sp23.poznan.pl\/wp-content\/uploads\/2024\/11\/462648882_1738290940254746_1584601517503342090_n-768x576.jpg 768w, https:\/\/sp23.poznan.pl\/wp-content\/uploads\/2024\/11\/462648882_1738290940254746_1584601517503342090_n-1536x1152.jpg 1536w, https:\/\/sp23.poznan.pl\/wp-content\/uploads\/2024\/11\/462648882_1738290940254746_1584601517503342090_n.jpg 2000w\" sizes=\"(max-width: 1024px) 100vw, 1024px\" \/><\/figure>\n\n\n\n<figure class=\"wp-block-image size-large\"><img decoding=\"async\" width=\"1024\" height=\"768\" data-id=\"2020\" src=\"https:\/\/www.sp23.com.pl\/wp-content\/uploads\/2024\/11\/462545497_1146355253591888_8022394699482085302_n-1024x768.jpg\" alt=\"\" class=\"wp-image-2020\" srcset=\"https:\/\/sp23.poznan.pl\/wp-content\/uploads\/2024\/11\/462545497_1146355253591888_8022394699482085302_n-1024x768.jpg 1024w, https:\/\/sp23.poznan.pl\/wp-content\/uploads\/2024\/11\/462545497_1146355253591888_8022394699482085302_n-300x225.jpg 300w, https:\/\/sp23.poznan.pl\/wp-content\/uploads\/2024\/11\/462545497_1146355253591888_8022394699482085302_n-768x576.jpg 768w, https:\/\/sp23.poznan.pl\/wp-content\/uploads\/2024\/11\/462545497_1146355253591888_8022394699482085302_n-1536x1152.jpg 1536w, https:\/\/sp23.poznan.pl\/wp-content\/uploads\/2024\/11\/462545497_1146355253591888_8022394699482085302_n.jpg 2000w\" sizes=\"(max-width: 1024px) 100vw, 1024px\" \/><\/figure>\n\n\n\n<figure class=\"wp-block-image size-large\"><img loading=\"lazy\" decoding=\"async\" width=\"1024\" height=\"768\" data-id=\"2025\" src=\"https:\/\/www.sp23.com.pl\/wp-content\/uploads\/2024\/11\/465300025_926189962756557_3171651105594965796_n-1024x768.jpg\" alt=\"\" class=\"wp-image-2025\" srcset=\"https:\/\/sp23.poznan.pl\/wp-content\/uploads\/2024\/11\/465300025_926189962756557_3171651105594965796_n-1024x768.jpg 1024w, https:\/\/sp23.poznan.pl\/wp-content\/uploads\/2024\/11\/465300025_926189962756557_3171651105594965796_n-300x225.jpg 300w, https:\/\/sp23.poznan.pl\/wp-content\/uploads\/2024\/11\/465300025_926189962756557_3171651105594965796_n-768x576.jpg 768w, https:\/\/sp23.poznan.pl\/wp-content\/uploads\/2024\/11\/465300025_926189962756557_3171651105594965796_n-1536x1152.jpg 1536w, https:\/\/sp23.poznan.pl\/wp-content\/uploads\/2024\/11\/465300025_926189962756557_3171651105594965796_n.jpg 2000w\" sizes=\"(max-width: 1024px) 100vw, 1024px\" \/><\/figure>\n\n\n\n<figure class=\"wp-block-image size-large\"><img loading=\"lazy\" decoding=\"async\" width=\"1024\" height=\"768\" data-id=\"2024\" src=\"https:\/\/www.sp23.com.pl\/wp-content\/uploads\/2024\/11\/462538711_1924730861354212_8589003473332156475_n-1024x768.jpg\" alt=\"\" class=\"wp-image-2024\" srcset=\"https:\/\/sp23.poznan.pl\/wp-content\/uploads\/2024\/11\/462538711_1924730861354212_8589003473332156475_n-1024x768.jpg 1024w, https:\/\/sp23.poznan.pl\/wp-content\/uploads\/2024\/11\/462538711_1924730861354212_8589003473332156475_n-300x225.jpg 300w, https:\/\/sp23.poznan.pl\/wp-content\/uploads\/2024\/11\/462538711_1924730861354212_8589003473332156475_n-768x576.jpg 768w, https:\/\/sp23.poznan.pl\/wp-content\/uploads\/2024\/11\/462538711_1924730861354212_8589003473332156475_n-1536x1152.jpg 1536w, https:\/\/sp23.poznan.pl\/wp-content\/uploads\/2024\/11\/462538711_1924730861354212_8589003473332156475_n.jpg 2000w\" sizes=\"(max-width: 1024px) 100vw, 1024px\" \/><\/figure>\n\n\n\n<figure class=\"wp-block-image size-large\"><img loading=\"lazy\" decoding=\"async\" width=\"1024\" height=\"768\" data-id=\"2023\" src=\"https:\/\/www.sp23.com.pl\/wp-content\/uploads\/2024\/11\/465083508_1082739280152255_5578397555368113058_n-1024x768.jpg\" alt=\"\" class=\"wp-image-2023\" srcset=\"https:\/\/sp23.poznan.pl\/wp-content\/uploads\/2024\/11\/465083508_1082739280152255_5578397555368113058_n-1024x768.jpg 1024w, https:\/\/sp23.poznan.pl\/wp-content\/uploads\/2024\/11\/465083508_1082739280152255_5578397555368113058_n-300x225.jpg 300w, https:\/\/sp23.poznan.pl\/wp-content\/uploads\/2024\/11\/465083508_1082739280152255_5578397555368113058_n-768x576.jpg 768w, https:\/\/sp23.poznan.pl\/wp-content\/uploads\/2024\/11\/465083508_1082739280152255_5578397555368113058_n-1536x1152.jpg 1536w, https:\/\/sp23.poznan.pl\/wp-content\/uploads\/2024\/11\/465083508_1082739280152255_5578397555368113058_n.jpg 2000w\" sizes=\"(max-width: 1024px) 100vw, 1024px\" \/><\/figure>\n\n\n\n<figure class=\"wp-block-image size-large\"><img loading=\"lazy\" decoding=\"async\" width=\"1024\" height=\"768\" data-id=\"2026\" src=\"https:\/\/www.sp23.com.pl\/wp-content\/uploads\/2024\/11\/462564052_2058407574616639_2157538462546823450_n-1024x768.jpg\" alt=\"\" class=\"wp-image-2026\" srcset=\"https:\/\/sp23.poznan.pl\/wp-content\/uploads\/2024\/11\/462564052_2058407574616639_2157538462546823450_n-1024x768.jpg 1024w, https:\/\/sp23.poznan.pl\/wp-content\/uploads\/2024\/11\/462564052_2058407574616639_2157538462546823450_n-300x225.jpg 300w, https:\/\/sp23.poznan.pl\/wp-content\/uploads\/2024\/11\/462564052_2058407574616639_2157538462546823450_n-768x576.jpg 768w, https:\/\/sp23.poznan.pl\/wp-content\/uploads\/2024\/11\/462564052_2058407574616639_2157538462546823450_n-1536x1152.jpg 1536w, https:\/\/sp23.poznan.pl\/wp-content\/uploads\/2024\/11\/462564052_2058407574616639_2157538462546823450_n.jpg 2000w\" sizes=\"(max-width: 1024px) 100vw, 1024px\" \/><\/figure>\n<\/figure>\n","protected":false},"excerpt":{"rendered":"<p>8 listopada w naszej szkole odby\u0142 si\u0119 uroczysty apel upami\u0119tniaj\u0105cy 106 rocznic\u0119 odzyskania przez Polsk\u0119 niepodleg\u0142o\u015bci. Czym jest niepodleg\u0142o\u015b\u0107 i jak trudno by\u0142o Polakom j\u0105 wywalczy\u0107, przypomnieli nam uczniowie recytuj\u0105cy wiersze oraz ch\u00f3r szkolny \u201cMozaika\u201d, kt\u00f3ry za\u015bpiewa\u0142 wzruszaj\u0105ce pie\u015bni patriotyczne. Zwie\u0144czeniem apelu by\u0142 wyst\u0119p taneczny dziewczynek z bia\u0142o-czerwonymi wst\u0105\u017ckami. Dzi\u0119kujemy wszystkim wyst\u0119puj\u0105cym uczniom, nauczycielom odpowiedzialnym [&hellip;]<\/p>\n","protected":false},"author":3,"featured_media":2026,"comment_status":"open","ping_status":"open","sticky":false,"template":"","format":"standard","meta":{"footnotes":""},"categories":[7,13],"tags":[],"class_list":["post-2019","post","type-post","status-publish","format-standard","has-post-thumbnail","hentry","category-aktualnosci","category-galeria"],"_links":{"self":[{"href":"https:\/\/sp23.poznan.pl\/index.php?rest_route=\/wp\/v2\/posts\/2019","targetHints":{"allow":["GET"]}}],"collection":[{"href":"https:\/\/sp23.poznan.pl\/index.php?rest_route=\/wp\/v2\/posts"}],"about":[{"href":"https:\/\/sp23.poznan.pl\/index.php?rest_route=\/wp\/v2\/types\/post"}],"author":[{"embeddable":true,"href":"https:\/\/sp23.poznan.pl\/index.php?rest_route=\/wp\/v2\/users\/3"}],"replies":[{"embeddable":true,"href":"https:\/\/sp23.poznan.pl\/index.php?rest_route=%2Fwp%2Fv2%2Fcomments&post=2019"}],"version-history":[{"count":1,"href":"https:\/\/sp23.poznan.pl\/index.php?rest_route=\/wp\/v2\/posts\/2019\/revisions"}],"predecessor-version":[{"id":2027,"href":"https:\/\/sp23.poznan.pl\/index.php?rest_route=\/wp\/v2\/posts\/2019\/revisions\/2027"}],"wp:featuredmedia":[{"embeddable":true,"href":"https:\/\/sp23.poznan.pl\/index.php?rest_route=\/wp\/v2\/media\/2026"}],"wp:attachment":[{"href":"https:\/\/sp23.poznan.pl\/index.php?rest_route=%2Fwp%2Fv2%2Fmedia&parent=2019"}],"wp:term":[{"taxonomy":"category","embeddable":true,"href":"https:\/\/sp23.poznan.pl\/index.php?rest_route=%2Fwp%2Fv2%2Fcategories&post=2019"},{"taxonomy":"post_tag","embeddable":true,"href":"https:\/\/sp23.poznan.pl\/index.php?rest_route=%2Fwp%2Fv2%2Ftags&post=2019"}],"curies":[{"name":"wp","href":"https:\/\/api.w.org\/{rel}","templated":true}]}}