{"id":2012,"date":"2024-11-01T10:12:20","date_gmt":"2024-11-01T09:12:20","guid":{"rendered":"https:\/\/www.sp23.com.pl\/?p=2012"},"modified":"2024-11-12T10:20:13","modified_gmt":"2024-11-12T09:20:13","slug":"swiatelko-dla-czerwca-1956","status":"publish","type":"post","link":"https:\/\/sp23.poznan.pl\/?p=2012","title":{"rendered":"\u015awiate\u0142ko dla Czerwca 1956"},"content":{"rendered":"\n<p>Nasza szko\u0142a kolejny raz wzi\u0119\u0142a udzia\u0142 w Akcji &#8222;\u015awiate\u0142ko dla Czerwca\u201956&#8221;. Akcja ma na celu upami\u0119tnienie nie\u017cyj\u0105cych ju\u017c uczestnik\u00f3w Pozna\u0144skiego Czerwca 1956 r. oraz os\u00f3b, kt\u00f3re przez lata propagowa\u0142y pami\u0119\u0107 o tamtych wydarzeniach.<\/p>\n\n\n\n<p>Klasa 5a wraz z nauczycielami uporz\u0105dkowa\u0142a groby uczestnik\u00f3w pozna\u0144skiego zrywu, kt\u00f3re znajduj\u0105 si\u0119 na cmentarzu przy ul. Nowina.<\/p>\n\n\n\n<figure class=\"wp-block-gallery has-nested-images columns-default is-cropped wp-block-gallery-1 is-layout-flex wp-block-gallery-is-layout-flex\">\n<figure class=\"wp-block-image size-large\"><img fetchpriority=\"high\" decoding=\"async\" width=\"1024\" height=\"768\" data-id=\"2015\" src=\"https:\/\/www.sp23.com.pl\/wp-content\/uploads\/2024\/11\/464878042_1070868541494982_922719427286852068_n-1024x768.jpg\" alt=\"\" class=\"wp-image-2015\" srcset=\"https:\/\/sp23.poznan.pl\/wp-content\/uploads\/2024\/11\/464878042_1070868541494982_922719427286852068_n-1024x768.jpg 1024w, https:\/\/sp23.poznan.pl\/wp-content\/uploads\/2024\/11\/464878042_1070868541494982_922719427286852068_n-300x225.jpg 300w, https:\/\/sp23.poznan.pl\/wp-content\/uploads\/2024\/11\/464878042_1070868541494982_922719427286852068_n-768x576.jpg 768w, https:\/\/sp23.poznan.pl\/wp-content\/uploads\/2024\/11\/464878042_1070868541494982_922719427286852068_n-1536x1152.jpg 1536w, https:\/\/sp23.poznan.pl\/wp-content\/uploads\/2024\/11\/464878042_1070868541494982_922719427286852068_n.jpg 2048w\" sizes=\"(max-width: 1024px) 100vw, 1024px\" \/><\/figure>\n\n\n\n<figure class=\"wp-block-image size-large\"><img decoding=\"async\" width=\"768\" height=\"1024\" data-id=\"2016\" src=\"https:\/\/www.sp23.com.pl\/wp-content\/uploads\/2024\/11\/465096655_1070868234828346_5052523367653735665_n-768x1024.jpg\" alt=\"\" class=\"wp-image-2016\" srcset=\"https:\/\/sp23.poznan.pl\/wp-content\/uploads\/2024\/11\/465096655_1070868234828346_5052523367653735665_n-768x1024.jpg 768w, https:\/\/sp23.poznan.pl\/wp-content\/uploads\/2024\/11\/465096655_1070868234828346_5052523367653735665_n-225x300.jpg 225w, https:\/\/sp23.poznan.pl\/wp-content\/uploads\/2024\/11\/465096655_1070868234828346_5052523367653735665_n-1152x1536.jpg 1152w, https:\/\/sp23.poznan.pl\/wp-content\/uploads\/2024\/11\/465096655_1070868234828346_5052523367653735665_n.jpg 1536w\" sizes=\"(max-width: 768px) 100vw, 768px\" \/><\/figure>\n\n\n\n<figure class=\"wp-block-image size-large\"><img decoding=\"async\" width=\"1024\" height=\"768\" data-id=\"2017\" src=\"https:\/\/www.sp23.com.pl\/wp-content\/uploads\/2024\/11\/465124131_1070868381494998_2594444827797199656_n-1024x768.jpg\" alt=\"\" class=\"wp-image-2017\" srcset=\"https:\/\/sp23.poznan.pl\/wp-content\/uploads\/2024\/11\/465124131_1070868381494998_2594444827797199656_n-1024x768.jpg 1024w, https:\/\/sp23.poznan.pl\/wp-content\/uploads\/2024\/11\/465124131_1070868381494998_2594444827797199656_n-300x225.jpg 300w, https:\/\/sp23.poznan.pl\/wp-content\/uploads\/2024\/11\/465124131_1070868381494998_2594444827797199656_n-768x576.jpg 768w, https:\/\/sp23.poznan.pl\/wp-content\/uploads\/2024\/11\/465124131_1070868381494998_2594444827797199656_n-1536x1152.jpg 1536w, https:\/\/sp23.poznan.pl\/wp-content\/uploads\/2024\/11\/465124131_1070868381494998_2594444827797199656_n.jpg 2048w\" sizes=\"(max-width: 1024px) 100vw, 1024px\" \/><\/figure>\n\n\n\n<figure class=\"wp-block-image size-large\"><img loading=\"lazy\" decoding=\"async\" width=\"768\" height=\"1024\" data-id=\"2014\" src=\"https:\/\/www.sp23.com.pl\/wp-content\/uploads\/2024\/11\/464802641_1070868468161656_20539337439652108_n-768x1024.jpg\" alt=\"\" class=\"wp-image-2014\" srcset=\"https:\/\/sp23.poznan.pl\/wp-content\/uploads\/2024\/11\/464802641_1070868468161656_20539337439652108_n-768x1024.jpg 768w, https:\/\/sp23.poznan.pl\/wp-content\/uploads\/2024\/11\/464802641_1070868468161656_20539337439652108_n-225x300.jpg 225w, https:\/\/sp23.poznan.pl\/wp-content\/uploads\/2024\/11\/464802641_1070868468161656_20539337439652108_n-1152x1536.jpg 1152w, https:\/\/sp23.poznan.pl\/wp-content\/uploads\/2024\/11\/464802641_1070868468161656_20539337439652108_n.jpg 1536w\" sizes=\"(max-width: 768px) 100vw, 768px\" \/><\/figure>\n\n\n\n<figure class=\"wp-block-image size-large\"><img loading=\"lazy\" decoding=\"async\" width=\"1024\" height=\"768\" data-id=\"2013\" src=\"https:\/\/www.sp23.com.pl\/wp-content\/uploads\/2024\/11\/465029296_1070868621494974_6316699349948466018_n-1024x768.jpg\" alt=\"\" class=\"wp-image-2013\" srcset=\"https:\/\/sp23.poznan.pl\/wp-content\/uploads\/2024\/11\/465029296_1070868621494974_6316699349948466018_n-1024x768.jpg 1024w, https:\/\/sp23.poznan.pl\/wp-content\/uploads\/2024\/11\/465029296_1070868621494974_6316699349948466018_n-300x225.jpg 300w, https:\/\/sp23.poznan.pl\/wp-content\/uploads\/2024\/11\/465029296_1070868621494974_6316699349948466018_n-768x576.jpg 768w, https:\/\/sp23.poznan.pl\/wp-content\/uploads\/2024\/11\/465029296_1070868621494974_6316699349948466018_n-1536x1152.jpg 1536w, https:\/\/sp23.poznan.pl\/wp-content\/uploads\/2024\/11\/465029296_1070868621494974_6316699349948466018_n.jpg 2048w\" sizes=\"(max-width: 1024px) 100vw, 1024px\" \/><\/figure>\n<\/figure>\n","protected":false},"excerpt":{"rendered":"<p>Nasza szko\u0142a kolejny raz wzi\u0119\u0142a udzia\u0142 w Akcji &#8222;\u015awiate\u0142ko dla Czerwca\u201956&#8221;. Akcja ma na celu upami\u0119tnienie nie\u017cyj\u0105cych ju\u017c uczestnik\u00f3w Pozna\u0144skiego Czerwca 1956 r. oraz os\u00f3b, kt\u00f3re przez lata propagowa\u0142y pami\u0119\u0107 o tamtych wydarzeniach. Klasa 5a wraz z nauczycielami uporz\u0105dkowa\u0142a groby uczestnik\u00f3w pozna\u0144skiego zrywu, kt\u00f3re znajduj\u0105 si\u0119 na cmentarzu przy ul. Nowina.<\/p>\n","protected":false},"author":3,"featured_media":2014,"comment_status":"open","ping_status":"open","sticky":false,"template":"","format":"standard","meta":{"footnotes":""},"categories":[7,13],"tags":[],"class_list":["post-2012","post","type-post","status-publish","format-standard","has-post-thumbnail","hentry","category-aktualnosci","category-galeria"],"_links":{"self":[{"href":"https:\/\/sp23.poznan.pl\/index.php?rest_route=\/wp\/v2\/posts\/2012","targetHints":{"allow":["GET"]}}],"collection":[{"href":"https:\/\/sp23.poznan.pl\/index.php?rest_route=\/wp\/v2\/posts"}],"about":[{"href":"https:\/\/sp23.poznan.pl\/index.php?rest_route=\/wp\/v2\/types\/post"}],"author":[{"embeddable":true,"href":"https:\/\/sp23.poznan.pl\/index.php?rest_route=\/wp\/v2\/users\/3"}],"replies":[{"embeddable":true,"href":"https:\/\/sp23.poznan.pl\/index.php?rest_route=%2Fwp%2Fv2%2Fcomments&post=2012"}],"version-history":[{"count":1,"href":"https:\/\/sp23.poznan.pl\/index.php?rest_route=\/wp\/v2\/posts\/2012\/revisions"}],"predecessor-version":[{"id":2018,"href":"https:\/\/sp23.poznan.pl\/index.php?rest_route=\/wp\/v2\/posts\/2012\/revisions\/2018"}],"wp:featuredmedia":[{"embeddable":true,"href":"https:\/\/sp23.poznan.pl\/index.php?rest_route=\/wp\/v2\/media\/2014"}],"wp:attachment":[{"href":"https:\/\/sp23.poznan.pl\/index.php?rest_route=%2Fwp%2Fv2%2Fmedia&parent=2012"}],"wp:term":[{"taxonomy":"category","embeddable":true,"href":"https:\/\/sp23.poznan.pl\/index.php?rest_route=%2Fwp%2Fv2%2Fcategories&post=2012"},{"taxonomy":"post_tag","embeddable":true,"href":"https:\/\/sp23.poznan.pl\/index.php?rest_route=%2Fwp%2Fv2%2Ftags&post=2012"}],"curies":[{"name":"wp","href":"https:\/\/api.w.org\/{rel}","templated":true}]}}