{"id":1831,"date":"2024-04-19T16:20:00","date_gmt":"2024-04-19T14:20:00","guid":{"rendered":"https:\/\/www.sp23.com.pl\/?p=1831"},"modified":"2024-04-21T18:23:04","modified_gmt":"2024-04-21T16:23:04","slug":"wycieczka-z-historia-w-tle","status":"publish","type":"post","link":"https:\/\/sp23.poznan.pl\/?p=1831","title":{"rendered":"Wycieczka z histori\u0105 w tle"},"content":{"rendered":"\n<p>Dnia 18 kwietnia 2023 r. uczniowie z klas 8a, 8b i 6a wraz z wychowawcami uczestniczyli w wycieczce do stolicy. W programie mieli\u015bmy zwiedzenie naszego parlamentu oraz wizyt\u0119 w Muzeum \u017byd\u00f3w Polskich.<br>&nbsp;&nbsp;&nbsp;&nbsp;Pogoda, cho\u0107 typowo kwietniowa (s\u0142o\u0144ce, deszcz, ch\u0142\u00f3d i wiatr), pozwoli\u0142a nam zrealizowa\u0107 plan podr\u00f3\u017cy. Uczniom &nbsp;uda\u0142o si\u0119 zobaczy\u0107 sal\u0119 plenarn\u0105 sejmu, gdzie pani\u0105 przewodnik zaskoczyli &nbsp;wiedz\u0105 na temat stanowienia polskiego prawa, galeri\u0119, na kt\u00f3rej najcz\u0119\u015bciej robione s\u0105 wywiady z pos\u0142ami i senatorami oraz parter, na kt\u00f3rym eksponowano historyczne pami\u0105tki zwi\u0105zane z parlamentem. Niestety nie uda\u0142o nam si\u0119 wej\u015b\u0107 do &nbsp;senatu, poniewa\u017c trwa\u0142y w\u0142a\u015bnie obrady.<br>&nbsp;&nbsp;&nbsp;Po obiedzie, ufundowanym &nbsp;przez biuro poselskie pani pose\u0142 Katarzyny Ueberhan, przejechali\u015bmy autokarem na Muran\u00f3w, gdzie czeka\u0142y na nas przewodniczki z Muzeum \u017byd\u00f3w Polskich. Uczniowie z 6a ruszyli \u015bladami poety Juliana Tuwima i jego utwor\u00f3w. Klasy \u00f3sme odkrywa\u0142y pami\u0105tki pozosta\u0142e po getcie warszawskim. Podczas spaceru poznali\u015bmy \u017cyciorysy wielu znanych i zas\u0142u\u017conych Polak\u00f3w \u017cydowskiego pochodzenia: lekarza i pedagoga Janusza Korczaka, &nbsp;lekarza-okulisty i tw\u00f3rcy j\u0119zyka esperanto Ludwika Zamenhoffa, s\u0142owika getta Marysi Ajzensztadt oraz wielu innych pisarzy, poet\u00f3w, czy przedsi\u0119biorc\u00f3w.<br>Miejsce dawnego getta warszawskiego urzek\u0142o nas mimo ch\u0142odu i wiatru. Pi\u0119knie po\u0142o\u017cone, z jednolit\u0105, przemy\u015blan\u0105, przestronn\u0105, powojenn\u0105 zabudow\u0105, ju\u017c pe\u0142ne kwitn\u0105cej wiosennej zieleni nie przypomina\u0142o zr\u00f3wnanego z ziemi\u0105 przez Niemc\u00f3w warszawskiego getta.<br>&nbsp;&nbsp;Wycieczka, poza wymiarem historycznym, dostarczy\u0142a nam wielu niezapomnianych wra\u017ce\u0144.<\/p>\n\n\n\n<figure class=\"wp-block-gallery has-nested-images columns-default is-cropped wp-block-gallery-1 is-layout-flex wp-block-gallery-is-layout-flex\">\n<figure class=\"wp-block-image size-large\"><img fetchpriority=\"high\" decoding=\"async\" width=\"1024\" height=\"768\" data-id=\"1836\" src=\"https:\/\/www.sp23.com.pl\/wp-content\/uploads\/2024\/04\/IMG20240418123831-1-1024x768.jpg\" alt=\"\" class=\"wp-image-1836\" srcset=\"https:\/\/sp23.poznan.pl\/wp-content\/uploads\/2024\/04\/IMG20240418123831-1-1024x768.jpg 1024w, https:\/\/sp23.poznan.pl\/wp-content\/uploads\/2024\/04\/IMG20240418123831-1-300x225.jpg 300w, https:\/\/sp23.poznan.pl\/wp-content\/uploads\/2024\/04\/IMG20240418123831-1-768x576.jpg 768w, https:\/\/sp23.poznan.pl\/wp-content\/uploads\/2024\/04\/IMG20240418123831-1-1536x1152.jpg 1536w, https:\/\/sp23.poznan.pl\/wp-content\/uploads\/2024\/04\/IMG20240418123831-1-2048x1536.jpg 2048w\" sizes=\"(max-width: 1024px) 100vw, 1024px\" \/><\/figure>\n\n\n\n<figure class=\"wp-block-image size-large\"><img decoding=\"async\" width=\"1024\" height=\"768\" data-id=\"1837\" src=\"https:\/\/www.sp23.com.pl\/wp-content\/uploads\/2024\/04\/IMG20240418124701-1024x768.jpg\" alt=\"\" class=\"wp-image-1837\" srcset=\"https:\/\/sp23.poznan.pl\/wp-content\/uploads\/2024\/04\/IMG20240418124701-1024x768.jpg 1024w, https:\/\/sp23.poznan.pl\/wp-content\/uploads\/2024\/04\/IMG20240418124701-300x225.jpg 300w, https:\/\/sp23.poznan.pl\/wp-content\/uploads\/2024\/04\/IMG20240418124701-768x576.jpg 768w, https:\/\/sp23.poznan.pl\/wp-content\/uploads\/2024\/04\/IMG20240418124701-1536x1152.jpg 1536w, https:\/\/sp23.poznan.pl\/wp-content\/uploads\/2024\/04\/IMG20240418124701-2048x1536.jpg 2048w\" sizes=\"(max-width: 1024px) 100vw, 1024px\" \/><\/figure>\n\n\n\n<figure class=\"wp-block-image size-large\"><img decoding=\"async\" width=\"1024\" height=\"768\" data-id=\"1838\" src=\"https:\/\/www.sp23.com.pl\/wp-content\/uploads\/2024\/04\/IMG20240418124713-1024x768.jpg\" alt=\"\" class=\"wp-image-1838\" srcset=\"https:\/\/sp23.poznan.pl\/wp-content\/uploads\/2024\/04\/IMG20240418124713-1024x768.jpg 1024w, https:\/\/sp23.poznan.pl\/wp-content\/uploads\/2024\/04\/IMG20240418124713-300x225.jpg 300w, https:\/\/sp23.poznan.pl\/wp-content\/uploads\/2024\/04\/IMG20240418124713-768x576.jpg 768w, https:\/\/sp23.poznan.pl\/wp-content\/uploads\/2024\/04\/IMG20240418124713-1536x1152.jpg 1536w, https:\/\/sp23.poznan.pl\/wp-content\/uploads\/2024\/04\/IMG20240418124713-2048x1536.jpg 2048w\" sizes=\"(max-width: 1024px) 100vw, 1024px\" \/><\/figure>\n\n\n\n<figure class=\"wp-block-image size-large\"><img loading=\"lazy\" decoding=\"async\" width=\"1024\" height=\"768\" data-id=\"1839\" src=\"https:\/\/www.sp23.com.pl\/wp-content\/uploads\/2024\/04\/IMG20240418125132-1024x768.jpg\" alt=\"\" class=\"wp-image-1839\" srcset=\"https:\/\/sp23.poznan.pl\/wp-content\/uploads\/2024\/04\/IMG20240418125132-1024x768.jpg 1024w, https:\/\/sp23.poznan.pl\/wp-content\/uploads\/2024\/04\/IMG20240418125132-300x225.jpg 300w, https:\/\/sp23.poznan.pl\/wp-content\/uploads\/2024\/04\/IMG20240418125132-768x576.jpg 768w, https:\/\/sp23.poznan.pl\/wp-content\/uploads\/2024\/04\/IMG20240418125132-1536x1152.jpg 1536w, https:\/\/sp23.poznan.pl\/wp-content\/uploads\/2024\/04\/IMG20240418125132-2048x1536.jpg 2048w\" sizes=\"(max-width: 1024px) 100vw, 1024px\" \/><\/figure>\n\n\n\n<figure class=\"wp-block-image size-large\"><img loading=\"lazy\" decoding=\"async\" width=\"1024\" height=\"768\" data-id=\"1840\" src=\"https:\/\/www.sp23.com.pl\/wp-content\/uploads\/2024\/04\/IMG20240418130736-1024x768.jpg\" alt=\"\" class=\"wp-image-1840\" srcset=\"https:\/\/sp23.poznan.pl\/wp-content\/uploads\/2024\/04\/IMG20240418130736-1024x768.jpg 1024w, https:\/\/sp23.poznan.pl\/wp-content\/uploads\/2024\/04\/IMG20240418130736-300x225.jpg 300w, https:\/\/sp23.poznan.pl\/wp-content\/uploads\/2024\/04\/IMG20240418130736-768x576.jpg 768w, https:\/\/sp23.poznan.pl\/wp-content\/uploads\/2024\/04\/IMG20240418130736-1536x1152.jpg 1536w, https:\/\/sp23.poznan.pl\/wp-content\/uploads\/2024\/04\/IMG20240418130736-2048x1536.jpg 2048w\" sizes=\"(max-width: 1024px) 100vw, 1024px\" \/><\/figure>\n\n\n\n<figure class=\"wp-block-image size-large\"><img loading=\"lazy\" decoding=\"async\" width=\"1024\" height=\"768\" data-id=\"1841\" src=\"https:\/\/www.sp23.com.pl\/wp-content\/uploads\/2024\/04\/IMG20240418151309-1024x768.jpg\" alt=\"\" class=\"wp-image-1841\" srcset=\"https:\/\/sp23.poznan.pl\/wp-content\/uploads\/2024\/04\/IMG20240418151309-1024x768.jpg 1024w, https:\/\/sp23.poznan.pl\/wp-content\/uploads\/2024\/04\/IMG20240418151309-300x225.jpg 300w, https:\/\/sp23.poznan.pl\/wp-content\/uploads\/2024\/04\/IMG20240418151309-768x576.jpg 768w, https:\/\/sp23.poznan.pl\/wp-content\/uploads\/2024\/04\/IMG20240418151309-1536x1152.jpg 1536w, https:\/\/sp23.poznan.pl\/wp-content\/uploads\/2024\/04\/IMG20240418151309-2048x1536.jpg 2048w\" sizes=\"(max-width: 1024px) 100vw, 1024px\" \/><\/figure>\n<\/figure>\n","protected":false},"excerpt":{"rendered":"<p>Dnia 18 kwietnia 2023 r. uczniowie z klas 8a, 8b i 6a wraz z wychowawcami uczestniczyli w wycieczce do stolicy. W programie mieli\u015bmy zwiedzenie naszego parlamentu oraz wizyt\u0119 w Muzeum \u017byd\u00f3w Polskich.&nbsp;&nbsp;&nbsp;&nbsp;Pogoda, cho\u0107 typowo kwietniowa (s\u0142o\u0144ce, deszcz, ch\u0142\u00f3d i wiatr), pozwoli\u0142a nam zrealizowa\u0107 plan podr\u00f3\u017cy. Uczniom &nbsp;uda\u0142o si\u0119 zobaczy\u0107 sal\u0119 plenarn\u0105 sejmu, gdzie pani\u0105 przewodnik [&hellip;]<\/p>\n","protected":false},"author":3,"featured_media":1839,"comment_status":"open","ping_status":"open","sticky":false,"template":"","format":"standard","meta":{"footnotes":""},"categories":[7,1,13],"tags":[],"class_list":["post-1831","post","type-post","status-publish","format-standard","has-post-thumbnail","hentry","category-aktualnosci","category-bez-kategorii","category-galeria"],"_links":{"self":[{"href":"https:\/\/sp23.poznan.pl\/index.php?rest_route=\/wp\/v2\/posts\/1831","targetHints":{"allow":["GET"]}}],"collection":[{"href":"https:\/\/sp23.poznan.pl\/index.php?rest_route=\/wp\/v2\/posts"}],"about":[{"href":"https:\/\/sp23.poznan.pl\/index.php?rest_route=\/wp\/v2\/types\/post"}],"author":[{"embeddable":true,"href":"https:\/\/sp23.poznan.pl\/index.php?rest_route=\/wp\/v2\/users\/3"}],"replies":[{"embeddable":true,"href":"https:\/\/sp23.poznan.pl\/index.php?rest_route=%2Fwp%2Fv2%2Fcomments&post=1831"}],"version-history":[{"count":2,"href":"https:\/\/sp23.poznan.pl\/index.php?rest_route=\/wp\/v2\/posts\/1831\/revisions"}],"predecessor-version":[{"id":1842,"href":"https:\/\/sp23.poznan.pl\/index.php?rest_route=\/wp\/v2\/posts\/1831\/revisions\/1842"}],"wp:featuredmedia":[{"embeddable":true,"href":"https:\/\/sp23.poznan.pl\/index.php?rest_route=\/wp\/v2\/media\/1839"}],"wp:attachment":[{"href":"https:\/\/sp23.poznan.pl\/index.php?rest_route=%2Fwp%2Fv2%2Fmedia&parent=1831"}],"wp:term":[{"taxonomy":"category","embeddable":true,"href":"https:\/\/sp23.poznan.pl\/index.php?rest_route=%2Fwp%2Fv2%2Fcategories&post=1831"},{"taxonomy":"post_tag","embeddable":true,"href":"https:\/\/sp23.poznan.pl\/index.php?rest_route=%2Fwp%2Fv2%2Ftags&post=1831"}],"curies":[{"name":"wp","href":"https:\/\/api.w.org\/{rel}","templated":true}]}}