{"id":111,"date":"2022-05-01T19:08:00","date_gmt":"2022-05-01T17:08:00","guid":{"rendered":"http:\/\/www.sp23.com.pl\/?p=111"},"modified":"2022-10-14T16:16:13","modified_gmt":"2022-10-14T14:16:13","slug":"aktualnosc-testowa-3","status":"publish","type":"post","link":"https:\/\/sp23.poznan.pl\/?p=111","title":{"rendered":"\u201eSave your environment, save your future\u201d."},"content":{"rendered":"<p><strong>W dniach 15 -21 maja 2022 roku Szko\u0142a Podstawowa nr 23 im. gen. J\u00f3zefa Bema w Poznaniu go\u015bci\u0142a partner\u00f3w projektu Erasmus+ \u201eSave your environment, save your future\u201d.<\/strong><\/p>\n<p>&nbsp;&nbsp;&nbsp;&nbsp;&nbsp;&nbsp;&nbsp;&nbsp;&nbsp;&nbsp;&nbsp;&nbsp;&nbsp;&nbsp;&nbsp; Partnerami naszej szko\u0142y s\u0105 szko\u0142y podstawowe w Aguilas (Hiszpania), Tulczy (Rumunia), Adanie (Turcja) oraz przedszkole w Kownie (Litwa). Projekt rozpocz\u0105\u0142 si\u0119 we wrze\u015bniu 2020 roku i pocz\u0105tkowo zaplanowany by\u0142 na dwa lata, jednak ze wzgl\u0119du na pandemi\u0119 COVID-19 zosta\u0142 przed\u0142u\u017cony o jeden rok. Za\u0142o\u017ceniem projektu jest zach\u0119cenie uczni\u00f3w do oderwania si\u0119&nbsp; od wirtualnego \u015bwiata i do sp\u0119dzania wi\u0119cej czasu na \u015bwie\u017cym powietrzu. Dodatkowo, projekt ma zwi\u0119kszy\u0107 \u015bwiadomo\u015b\u0107 dzieci zwi\u0105zan\u0105 z ekologi\u0105 oraz ochron\u0105 \u015brodowiska.<\/p>\n<p>&nbsp;&nbsp;&nbsp;&nbsp;&nbsp;&nbsp;&nbsp;&nbsp;&nbsp;&nbsp;&nbsp;&nbsp;&nbsp;&nbsp;&nbsp; Podczas tygodniowego spotkania szko\u0142a z Poznania przedstawi\u0142a gry i zabawy, w kt\u00f3re uczniowie mog\u0105 bawi\u0107 si\u0119 na \u015bwie\u017cym powietrzu. Ponadto, partnerzy om\u00f3wili kwestie zwi\u0105zane&nbsp; z realizacj\u0105 projektu, zwiedzili szko\u0142\u0119, przyjrzeli si\u0119 zaj\u0119ciom w klasach 1-8, spotkali si\u0119 z przedstawicielami Rady Rodzic\u00f3w i Rady Osiedla Je\u017cyce, zapoznali si\u0119 z systemem edukacyjnym w Polsce oraz zwiedzili Pozna\u0144.<\/p>\n<p><img fetchpriority=\"high\" decoding=\"async\" src=\"http:\/\/www.sp23.com.pl\/wp-content\/uploads\/2022\/05\/eras1-300x225.jpg\" alt=\"\" width=\"300\" height=\"225\"> <img decoding=\"async\" src=\"http:\/\/www.sp23.com.pl\/wp-content\/uploads\/2022\/05\/eras2-300x225.jpg\" alt=\"\" width=\"300\" height=\"225\"> <img decoding=\"async\" src=\"http:\/\/www.sp23.com.pl\/wp-content\/uploads\/2022\/05\/eras3-300x225.jpg\" alt=\"\" width=\"300\" height=\"225\"> <img loading=\"lazy\" decoding=\"async\" src=\"http:\/\/www.sp23.com.pl\/wp-content\/uploads\/2022\/05\/eras4-300x169.jpg\" alt=\"\" width=\"300\" height=\"169\"> <img loading=\"lazy\" decoding=\"async\" src=\"http:\/\/www.sp23.com.pl\/wp-content\/uploads\/2022\/05\/eras5-300x225.jpg\" alt=\"\" width=\"300\" height=\"225\"> <img loading=\"lazy\" decoding=\"async\" src=\"http:\/\/www.sp23.com.pl\/wp-content\/uploads\/2022\/05\/eras7-300x225.jpg\" alt=\"\" width=\"300\" height=\"225\"> <img loading=\"lazy\" decoding=\"async\" src=\"http:\/\/www.sp23.com.pl\/wp-content\/uploads\/2022\/05\/eras8-300x169.jpg\" alt=\"\" width=\"300\" height=\"169\"> <img loading=\"lazy\" decoding=\"async\" src=\"http:\/\/www.sp23.com.pl\/wp-content\/uploads\/2022\/05\/eras9-300x169.jpg\" alt=\"\" width=\"300\" height=\"169\"> <img loading=\"lazy\" decoding=\"async\" src=\"http:\/\/www.sp23.com.pl\/wp-content\/uploads\/2022\/05\/eras10-300x169.jpg\" alt=\"\" width=\"300\" height=\"169\"> <img loading=\"lazy\" decoding=\"async\" src=\"http:\/\/www.sp23.com.pl\/wp-content\/uploads\/2022\/05\/eras11-300x169.jpg\" alt=\"\" width=\"300\" height=\"169\"><\/p>\n","protected":false},"excerpt":{"rendered":"<p>W dniach 15 -21 maja 2022 roku Szko\u0142a Podstawowa nr 23 im. gen. J\u00f3zefa Bema w Poznaniu go\u015bci\u0142a partner\u00f3w projektu Erasmus+ \u201eSave your environment, save your future\u201d. &nbsp;&nbsp;&nbsp;&nbsp;&nbsp;&nbsp;&nbsp;&nbsp;&nbsp;&nbsp;&nbsp;&nbsp;&nbsp;&nbsp;&nbsp; Partnerami naszej szko\u0142y s\u0105 szko\u0142y podstawowe w Aguilas (Hiszpania), Tulczy (Rumunia), Adanie (Turcja) oraz przedszkole w Kownie (Litwa). Projekt rozpocz\u0105\u0142 si\u0119 we wrze\u015bniu 2020 roku i pocz\u0105tkowo [&hellip;]<\/p>\n","protected":false},"author":3,"featured_media":613,"comment_status":"open","ping_status":"open","sticky":false,"template":"","format":"standard","meta":{"footnotes":""},"categories":[10,13],"tags":[],"class_list":["post-111","post","type-post","status-publish","format-standard","has-post-thumbnail","hentry","category-erasmus","category-galeria"],"_links":{"self":[{"href":"https:\/\/sp23.poznan.pl\/index.php?rest_route=\/wp\/v2\/posts\/111","targetHints":{"allow":["GET"]}}],"collection":[{"href":"https:\/\/sp23.poznan.pl\/index.php?rest_route=\/wp\/v2\/posts"}],"about":[{"href":"https:\/\/sp23.poznan.pl\/index.php?rest_route=\/wp\/v2\/types\/post"}],"author":[{"embeddable":true,"href":"https:\/\/sp23.poznan.pl\/index.php?rest_route=\/wp\/v2\/users\/3"}],"replies":[{"embeddable":true,"href":"https:\/\/sp23.poznan.pl\/index.php?rest_route=%2Fwp%2Fv2%2Fcomments&post=111"}],"version-history":[{"count":11,"href":"https:\/\/sp23.poznan.pl\/index.php?rest_route=\/wp\/v2\/posts\/111\/revisions"}],"predecessor-version":[{"id":622,"href":"https:\/\/sp23.poznan.pl\/index.php?rest_route=\/wp\/v2\/posts\/111\/revisions\/622"}],"wp:featuredmedia":[{"embeddable":true,"href":"https:\/\/sp23.poznan.pl\/index.php?rest_route=\/wp\/v2\/media\/613"}],"wp:attachment":[{"href":"https:\/\/sp23.poznan.pl\/index.php?rest_route=%2Fwp%2Fv2%2Fmedia&parent=111"}],"wp:term":[{"taxonomy":"category","embeddable":true,"href":"https:\/\/sp23.poznan.pl\/index.php?rest_route=%2Fwp%2Fv2%2Fcategories&post=111"},{"taxonomy":"post_tag","embeddable":true,"href":"https:\/\/sp23.poznan.pl\/index.php?rest_route=%2Fwp%2Fv2%2Ftags&post=111"}],"curies":[{"name":"wp","href":"https:\/\/api.w.org\/{rel}","templated":true}]}}